{"id":31891,"date":"2020-10-05T13:00:42","date_gmt":"2020-10-05T16:00:42","guid":{"rendered":"http:\/\/www.sincomam.org.br\/?p=31891"},"modified":"2020-10-05T13:00:42","modified_gmt":"2020-10-05T16:00:42","slug":"marinha-do-brasil-celebra-o-dia-maritimo-mundial","status":"publish","type":"post","link":"https:\/\/www.sincomam.org.br\/index.php\/marinha-do-brasil-celebra-o-dia-maritimo-mundial\/","title":{"rendered":"Marinha do Brasil celebra o Dia Mar\u00edtimo Mundial"},"content":{"rendered":"<p><strong><em>Comandante da Marinha, Diretor-Geral de Navega\u00e7\u00e3o e demais autoridades durante mensagem do Secret\u00e1rio-Geral da IMO<\/em><\/strong><\/p>\n<p>A Marinha do Brasil (MB) comemorou o Dia Mar\u00edtimo Mundial 2020, no Centro de Instru\u00e7\u00e3o Almirante Gra\u00e7a Aranha (CIAGA), no Rio de Janeiro. O tema da cerim\u00f4nia deste ano foi: &#8220;Navega\u00e7\u00e3o Sustent\u00e1vel por um Planeta Sustent\u00e1vel&#8221;, o que nas palavras do Secret\u00e1rio-geral da Organiza\u00e7\u00e3o Mar\u00edtima Internacional (IMO), reapresenta que \u201cas atividades do transporte mar\u00edtimo devem ser equilibradas entre a Seguran\u00e7a da Vida Humana no Mar, a sa\u00fade e a diversidade dos oceanos a longo prazo\u201d.<\/p>\n<p>A solenidade foi presidida pelo Comandante da Marinha e Autoridade Mar\u00edtima Brasileira, Almirante de Esquadra Ilques Barbosa Junior, e contou tamb\u00e9m com as presen\u00e7as do Diretor-Geral de Navega\u00e7\u00e3o, Almirante de Esquadra Marcelo Francisco Campos, do Chefe de Gabinete do Comandante da Marinha, Vice-Almirante Eduardo Machado Vazquez, do Diretor de Portos e Costas, Vice-Almirante Alexandre Cursino de Oliveira, e do Comandante do Centro de Instru\u00e7\u00e3o Almirante Gra\u00e7a Aranha, Contra-Almirante Andr\u00e9 Moraes Ferreira.<\/p>\n<p>Durante a cerim\u00f4nia, foram realizadas homenagens que inclu\u00edram a entrega do Distintivo de Comodoro ao Capit\u00e3o de Longo Curso Jaime Branco Ribeiro e da Medalha M\u00e9rito Mar\u00edtimo a diversos Aquavi\u00e1rios, al\u00e9m da entrega do \u201cPr\u00eamio DPC de Qualidade\u201d \u00e0s Organiza\u00e7\u00f5es Militares (OM) que melhor atuaram no Sistema de Seguran\u00e7a do Tr\u00e1fego Aquavi\u00e1rio.<\/p>\n<p>O Dia Mar\u00edtimo Mundial tamb\u00e9m foi celebrado em outras OM da Marinha, como os Distritos Navais, o Centro de Instru\u00e7\u00e3o Almirante Braz de Aguiar (CIABA), em Bel\u00e9m (PA), e em diversas Capitanias dos Portos.<\/p>\n<p>*Com informa\u00e7\u00f5es da MB<\/p>\n<p>&nbsp;<\/p>\n","protected":false},"excerpt":{"rendered":"<p>Comandante da Marinha, Diretor-Geral de Navega\u00e7\u00e3o e demais autoridades durante mensagem do Secret\u00e1rio-Geral da IMO A Marinha do Brasil (MB) comemorou o Dia Mar\u00edtimo Mundial&#8230;<\/p>\n","protected":false},"author":1182,"featured_media":31893,"comment_status":"closed","ping_status":"closed","sticky":false,"template":"","format":"standard","meta":{"footnotes":""},"categories":[6],"tags":[1727,3924,922,2870,1013,886,632,3925],"class_list":["post-31891","post","type-post","status-publish","format-standard","has-post-thumbnail","hentry","category-noticias","tag-celebracao","tag-dia-maritimo-mundial","tag-evento","tag-imo","tag-marinha-do-brasil","tag-navegacao","tag-sustentavel","tag-tema"],"_links":{"self":[{"href":"https:\/\/www.sincomam.org.br\/index.php\/wp-json\/wp\/v2\/posts\/31891","targetHints":{"allow":["GET"]}}],"collection":[{"href":"https:\/\/www.sincomam.org.br\/index.php\/wp-json\/wp\/v2\/posts"}],"about":[{"href":"https:\/\/www.sincomam.org.br\/index.php\/wp-json\/wp\/v2\/types\/post"}],"author":[{"embeddable":true,"href":"https:\/\/www.sincomam.org.br\/index.php\/wp-json\/wp\/v2\/users\/1182"}],"replies":[{"embeddable":true,"href":"https:\/\/www.sincomam.org.br\/index.php\/wp-json\/wp\/v2\/comments?post=31891"}],"version-history":[{"count":1,"href":"https:\/\/www.sincomam.org.br\/index.php\/wp-json\/wp\/v2\/posts\/31891\/revisions"}],"predecessor-version":[{"id":31894,"href":"https:\/\/www.sincomam.org.br\/index.php\/wp-json\/wp\/v2\/posts\/31891\/revisions\/31894"}],"wp:featuredmedia":[{"embeddable":true,"href":"https:\/\/www.sincomam.org.br\/index.php\/wp-json\/wp\/v2\/media\/31893"}],"wp:attachment":[{"href":"https:\/\/www.sincomam.org.br\/index.php\/wp-json\/wp\/v2\/media?parent=31891"}],"wp:term":[{"taxonomy":"category","embeddable":true,"href":"https:\/\/www.sincomam.org.br\/index.php\/wp-json\/wp\/v2\/categories?post=31891"},{"taxonomy":"post_tag","embeddable":true,"href":"https:\/\/www.sincomam.org.br\/index.php\/wp-json\/wp\/v2\/tags?post=31891"}],"curies":[{"name":"wp","href":"https:\/\/api.w.org\/{rel}","templated":true}]}}