{"id":31867,"date":"2020-10-02T11:56:22","date_gmt":"2020-10-02T14:56:22","guid":{"rendered":"http:\/\/www.sincomam.org.br\/?p=31867"},"modified":"2020-10-02T11:56:22","modified_gmt":"2020-10-02T14:56:22","slug":"medida-provisoria-amplia-margem-de-emprestimo-consignado-a-aposentados-e-pensionistas","status":"publish","type":"post","link":"https:\/\/www.sincomam.org.br\/index.php\/medida-provisoria-amplia-margem-de-emprestimo-consignado-a-aposentados-e-pensionistas\/","title":{"rendered":"Medida provis\u00f3ria amplia margem de empr\u00e9stimo consignado a aposentados e pensionistas"},"content":{"rendered":"<p><strong><em>Hoje os segurados do INSS j\u00e1 podem comprometer com consignados at\u00e9 30% do valor do benef\u00edcio. A MP aumenta essa margem para 40%<\/em><\/strong><\/p>\n<p>A Medida Provis\u00f3ria 1006\/20 amplia a margem de empr\u00e9stimo consignado a aposentados e pensionistas do Instituto Nacional do Seguro Social (INSS) para 40% do valor do benef\u00edcio, dos quais 5% devem ser destinados para saque ou pagamento da fatura do cart\u00e3o de cr\u00e9dito. O novo limite vale para empr\u00e9stimos concedidos at\u00e9 o dia 31 de dezembro deste ano.<\/p>\n<p>A MP foi publicada na edi\u00e7\u00e3o desta sexta-feira (2) do Di\u00e1rio Oficial da Uni\u00e3o. Atualmente, os segurados do INSS podem comprometer com consignados at\u00e9 30% do valor do benef\u00edcio e mais 5% com cart\u00e3o de cr\u00e9dito, totalizando 35%.<\/p>\n<p>Com a medida o governo espera aumentar a oferta de cr\u00e9dito na economia em um momento de emerg\u00eancia, beneficiando o consumo de final de ano. O aumento da margem consign\u00e1vel foi proposto em agosto pelo Conselho Nacional da Previd\u00eancia Social (CNPS), mas precisava de uma lei para entrar em vigor.<\/p>\n<p>O CNPS \u00e9 um \u00f3rg\u00e3o colegiado formado por representantes dos trabalhadores, empregadores e governo, que define as diretrizes gerais da Previd\u00eancia Social.<\/p>\n<p><strong>Tramita\u00e7\u00e3o<\/strong><\/p>\n<p>A MP 1006\/20 ser\u00e1 analisada diretamente no Plen\u00e1rio da C\u00e2mara, conforme o rito sum\u00e1rio de tramita\u00e7\u00e3o definido pelo Congresso Nacional durante o per\u00edodo de calamidade p\u00fablica.<\/p>\n<p>Fonte: Ag\u00eancia C\u00e2mara de Not\u00edcias<\/p>\n","protected":false},"excerpt":{"rendered":"<p>Hoje os segurados do INSS j\u00e1 podem comprometer com consignados at\u00e9 30% do valor do benef\u00edcio. A MP aumenta essa margem para 40% A Medida&#8230;<\/p>\n","protected":false},"author":1182,"featured_media":20357,"comment_status":"closed","ping_status":"closed","sticky":false,"template":"","format":"standard","meta":{"footnotes":""},"categories":[6],"tags":[420,3915,1839,325,3914,2902],"class_list":["post-31867","post","type-post","status-publish","format-standard","has-post-thumbnail","hentry","category-noticias","tag-aposentados","tag-emprestimos","tag-inss","tag-liberacao","tag-mp-1006-20","tag-pensionistas"],"_links":{"self":[{"href":"https:\/\/www.sincomam.org.br\/index.php\/wp-json\/wp\/v2\/posts\/31867","targetHints":{"allow":["GET"]}}],"collection":[{"href":"https:\/\/www.sincomam.org.br\/index.php\/wp-json\/wp\/v2\/posts"}],"about":[{"href":"https:\/\/www.sincomam.org.br\/index.php\/wp-json\/wp\/v2\/types\/post"}],"author":[{"embeddable":true,"href":"https:\/\/www.sincomam.org.br\/index.php\/wp-json\/wp\/v2\/users\/1182"}],"replies":[{"embeddable":true,"href":"https:\/\/www.sincomam.org.br\/index.php\/wp-json\/wp\/v2\/comments?post=31867"}],"version-history":[{"count":1,"href":"https:\/\/www.sincomam.org.br\/index.php\/wp-json\/wp\/v2\/posts\/31867\/revisions"}],"predecessor-version":[{"id":31868,"href":"https:\/\/www.sincomam.org.br\/index.php\/wp-json\/wp\/v2\/posts\/31867\/revisions\/31868"}],"wp:featuredmedia":[{"embeddable":true,"href":"https:\/\/www.sincomam.org.br\/index.php\/wp-json\/wp\/v2\/media\/20357"}],"wp:attachment":[{"href":"https:\/\/www.sincomam.org.br\/index.php\/wp-json\/wp\/v2\/media?parent=31867"}],"wp:term":[{"taxonomy":"category","embeddable":true,"href":"https:\/\/www.sincomam.org.br\/index.php\/wp-json\/wp\/v2\/categories?post=31867"},{"taxonomy":"post_tag","embeddable":true,"href":"https:\/\/www.sincomam.org.br\/index.php\/wp-json\/wp\/v2\/tags?post=31867"}],"curies":[{"name":"wp","href":"https:\/\/api.w.org\/{rel}","templated":true}]}}