{"id":31864,"date":"2020-10-02T11:51:55","date_gmt":"2020-10-02T14:51:55","guid":{"rendered":"http:\/\/www.sincomam.org.br\/?p=31864"},"modified":"2020-10-02T11:51:55","modified_gmt":"2020-10-02T14:51:55","slug":"balanca-comercial-registra-superavit-de-us-6164-bilhoes-em-setembro","status":"publish","type":"post","link":"https:\/\/www.sincomam.org.br\/index.php\/balanca-comercial-registra-superavit-de-us-6164-bilhoes-em-setembro\/","title":{"rendered":"Balan\u00e7a comercial registra super\u00e1vit de US$ 6,164 bilh\u00f5es em setembro"},"content":{"rendered":"<p><strong><em>No m\u00eas, tiveram aumento em valores as exporta\u00e7\u00f5es nos setores da agropecu\u00e1ria e da ind\u00fastria extrativa em rela\u00e7\u00e3o ao mesmo per\u00edodo do ano passado<\/em><\/strong><\/p>\n<p>Em setembro, a balan\u00e7a comercial brasileira registrou um super\u00e1vit de US$ 6,164 bilh\u00f5es. As exporta\u00e7\u00f5es somaram US$ 18,459 bilh\u00f5es e as importa\u00e7\u00f5es, US$ 12,296 bilh\u00f5es. Isso significa dizer que, no per\u00edodo, o Brasil exportou mais do que importou. Quando ocorre o inverso, \u00e9 registrado um d\u00e9ficit comercial. Os dados foram divulgados nesta quinta-feira (01) pela Secretaria de Com\u00e9rcio Exterior do Minist\u00e9rio da Economia.<\/p>\n<p>\u00c9 o melhor resultado do saldo comercial para meses de setembro. \u201cA balan\u00e7a comercial esse ano tem um contexto muito espec\u00edfico que \u00e9 uma crise global causada pelo coronav\u00edrus. E o que temos observado \u00e9 um volume mesmo com uma crise, uma demanda mundial em retra\u00e7\u00e3o, h\u00e1 um volume crescente da exporta\u00e7\u00e3o brasileira\u201d, disse o subsecret\u00e1rio de Intelig\u00eancia e Estat\u00edsticas de Com\u00e9rcio Exterior, Herlon Brand\u00e3o.<\/p>\n<p>No m\u00eas passado, as exporta\u00e7\u00f5es foram de US$ 18,459 bilh\u00f5es; e as importa\u00e7\u00f5es, de US$ 12,296 bilh\u00f5es.<\/p>\n<p><strong>Acumulado de 2020<\/strong><\/p>\n<p>No ano, as exporta\u00e7\u00f5es totalizam US$ 156,78 bilh\u00f5es e as importa\u00e7\u00f5es, US$ 114,336 bilh\u00f5es, com saldo positivo de US$ 42,445 bilh\u00f5es.\u00a0 \u201c\u00c9 o segundo maior saldo comercial para esse per\u00edodo de noves meses, atr\u00e1s apenas ao de 2017\u201d, disse Brand\u00e3o.<\/p>\n<p><strong>Setores em destaque em setembro de 2020<\/strong><\/p>\n<p>Em setembro deste ano, a agropecu\u00e1ria e a ind\u00fastria extrativa registraram aumento em valores nas exporta\u00e7\u00f5es em rela\u00e7\u00e3o ao mesmo per\u00edodo do ano passado, de, respectivamente, 3,2% e 9,2%.<\/p>\n<p>Na agropecu\u00e1ria, segundo o Minist\u00e9rio da Economia, os produtos com recorde de valores, para meses de setembro, foram o a\u00e7\u00facar, o milho e a carne su\u00edna. Na ind\u00fastria extrativa, os pre\u00e7os do min\u00e9rio cresceram 25% em rela\u00e7\u00e3o a setembro do ano passado, o que motivou o recorde de exporta\u00e7\u00f5es no setor.<\/p>\n<p><strong>Previs\u00e3o para 2020<\/strong><\/p>\n<p>Com base nos dados de setembro, o Minist\u00e9rio da Economia espera que o Brasil exporte, em 2020, um total de US$ 210,7 bilh\u00f5es; e importe, US$ 155,7 bilh\u00f5es.<\/p>\n<p><em>\u201cO resultado disso \u00e9 uma corrente de com\u00e9rcio 9% menor no ano, ao somar US$ 366,3 bilh\u00f5es. E o saldo comercial deve ficar no mesmo n\u00edvel do projetado em julho, com US$ 55 bilh\u00f5es. Um saldo 14,4% superior aos US$ 48,1 bilh\u00f5es de 2019 \u201d, finalizou o secret\u00e1rio.<\/em><\/p>\n<p>Fonte: Gov.Br \/ Foto: Ag\u00eancia Brasil<\/p>\n","protected":false},"excerpt":{"rendered":"<p>No m\u00eas, tiveram aumento em valores as exporta\u00e7\u00f5es nos setores da agropecu\u00e1ria e da ind\u00fastria extrativa em rela\u00e7\u00e3o ao mesmo per\u00edodo do ano passado Em&#8230;<\/p>\n","protected":false},"author":1182,"featured_media":31865,"comment_status":"closed","ping_status":"closed","sticky":false,"template":"","format":"standard","meta":{"footnotes":""},"categories":[6],"tags":[3746,191,988,151,830,237,69,3162,3747],"class_list":["post-31864","post","type-post","status-publish","format-standard","has-post-thumbnail","hentry","category-noticias","tag-balanca","tag-cargas","tag-comercio","tag-exportacao","tag-importacao","tag-movimentacao","tag-portos","tag-setembro","tag-superavit"],"_links":{"self":[{"href":"https:\/\/www.sincomam.org.br\/index.php\/wp-json\/wp\/v2\/posts\/31864","targetHints":{"allow":["GET"]}}],"collection":[{"href":"https:\/\/www.sincomam.org.br\/index.php\/wp-json\/wp\/v2\/posts"}],"about":[{"href":"https:\/\/www.sincomam.org.br\/index.php\/wp-json\/wp\/v2\/types\/post"}],"author":[{"embeddable":true,"href":"https:\/\/www.sincomam.org.br\/index.php\/wp-json\/wp\/v2\/users\/1182"}],"replies":[{"embeddable":true,"href":"https:\/\/www.sincomam.org.br\/index.php\/wp-json\/wp\/v2\/comments?post=31864"}],"version-history":[{"count":1,"href":"https:\/\/www.sincomam.org.br\/index.php\/wp-json\/wp\/v2\/posts\/31864\/revisions"}],"predecessor-version":[{"id":31866,"href":"https:\/\/www.sincomam.org.br\/index.php\/wp-json\/wp\/v2\/posts\/31864\/revisions\/31866"}],"wp:featuredmedia":[{"embeddable":true,"href":"https:\/\/www.sincomam.org.br\/index.php\/wp-json\/wp\/v2\/media\/31865"}],"wp:attachment":[{"href":"https:\/\/www.sincomam.org.br\/index.php\/wp-json\/wp\/v2\/media?parent=31864"}],"wp:term":[{"taxonomy":"category","embeddable":true,"href":"https:\/\/www.sincomam.org.br\/index.php\/wp-json\/wp\/v2\/categories?post=31864"},{"taxonomy":"post_tag","embeddable":true,"href":"https:\/\/www.sincomam.org.br\/index.php\/wp-json\/wp\/v2\/tags?post=31864"}],"curies":[{"name":"wp","href":"https:\/\/api.w.org\/{rel}","templated":true}]}}