{"id":31859,"date":"2020-10-02T11:27:09","date_gmt":"2020-10-02T14:27:09","guid":{"rendered":"http:\/\/www.sincomam.org.br\/?p=31859"},"modified":"2020-10-02T11:27:10","modified_gmt":"2020-10-02T14:27:10","slug":"stf-autoriza-venda-de-refinarias-da-petrobras","status":"publish","type":"post","link":"https:\/\/www.sincomam.org.br\/index.php\/stf-autoriza-venda-de-refinarias-da-petrobras\/","title":{"rendered":"STF autoriza venda de refinarias da Petrobras"},"content":{"rendered":"<p><strong><em>Estatal obt\u00e9m decis\u00e3o favor\u00e1vel no Supremo sobre os processos de desinvestimento em refino e seus respectivos ativos log\u00edsticos<\/em><\/strong><\/p>\n<p>O Supremo Tribunal Federal (STF) negou nesta quinta-feira (1\u00ba), por seis votos a quatro, um pedido de suspens\u00e3o da venda de oito refinarias e ativos da Petrobras a partir da cria\u00e7\u00e3o de empresas subsidi\u00e1rias. A iniciativa da estatal havia sido questionada pelo Congresso Nacional.<\/p>\n<p>A companhia informou que dar\u00e1 continuidade aos processos competitivos de aliena\u00e7\u00e3o das Refinarias Landulpho Alves (RLAM) na Bahia, Presidente Get\u00falio Vargas (REPAR) no Paran\u00e1, Abreu e Lima (RNEST) em Pernambuco, Unidade de Industrializa\u00e7\u00e3o do Xisto (SIX) no Paran\u00e1, Alberto Pasqualini (REFAP) no Rio Grande do Sul, Refinaria Gabriel Passos (REGAP) em Minas Gerais, Refinaria Isaac Sabb\u00e1 (REMAN) no Amazonas e Lubrificantes e Derivados de Petr\u00f3leo do Nordeste (LUBNOR) no Cear\u00e1.<\/p>\n<p>Na a\u00e7\u00e3o, o Congresso argumentou que a Petrobras estava descumprindo um entendimento do pr\u00f3prio STF ao desmembrar a empresa-m\u00e3e para, em seguida, vender esses ativos sem autoriza\u00e7\u00e3o do Legislativo.<\/p>\n<p>Os ministros do STF avaliaram que o entendimento da Corte n\u00e3o foi descumprido, e que as opera\u00e7\u00f5es representam um desinvestimento por parte da estatal \u2013 e n\u00e3o uma fraude para repassar o controle acion\u00e1rio ao setor privado.<\/p>\n<p>O presidente da Petrobras, Roberto Castello Branco, comentou o resultado. \u201cEstamos muito felizes. Sempre acreditamos no resultado positivo porque temos confian\u00e7a na capacidade de nossa Suprema Corte\u201d, afirmou.<\/p>\n<p>*Com informa\u00e7\u00f5es da Petrobras \/ Foto: divulga\u00e7\u00e3o Refinaria Abreu e Lima<\/p>\n","protected":false},"excerpt":{"rendered":"<p>Estatal obt\u00e9m decis\u00e3o favor\u00e1vel no Supremo sobre os processos de desinvestimento em refino e seus respectivos ativos log\u00edsticos O Supremo Tribunal Federal (STF) negou nesta&#8230;<\/p>\n","protected":false},"author":1182,"featured_media":4453,"comment_status":"closed","ping_status":"closed","sticky":false,"template":"","format":"standard","meta":{"footnotes":""},"categories":[6],"tags":[2784,58,246,1014,71],"class_list":["post-31859","post","type-post","status-publish","format-standard","has-post-thumbnail","hentry","category-noticias","tag-autorizacao","tag-petrobras","tag-refinarias","tag-stf","tag-venda"],"_links":{"self":[{"href":"https:\/\/www.sincomam.org.br\/index.php\/wp-json\/wp\/v2\/posts\/31859","targetHints":{"allow":["GET"]}}],"collection":[{"href":"https:\/\/www.sincomam.org.br\/index.php\/wp-json\/wp\/v2\/posts"}],"about":[{"href":"https:\/\/www.sincomam.org.br\/index.php\/wp-json\/wp\/v2\/types\/post"}],"author":[{"embeddable":true,"href":"https:\/\/www.sincomam.org.br\/index.php\/wp-json\/wp\/v2\/users\/1182"}],"replies":[{"embeddable":true,"href":"https:\/\/www.sincomam.org.br\/index.php\/wp-json\/wp\/v2\/comments?post=31859"}],"version-history":[{"count":1,"href":"https:\/\/www.sincomam.org.br\/index.php\/wp-json\/wp\/v2\/posts\/31859\/revisions"}],"predecessor-version":[{"id":31860,"href":"https:\/\/www.sincomam.org.br\/index.php\/wp-json\/wp\/v2\/posts\/31859\/revisions\/31860"}],"wp:featuredmedia":[{"embeddable":true,"href":"https:\/\/www.sincomam.org.br\/index.php\/wp-json\/wp\/v2\/media\/4453"}],"wp:attachment":[{"href":"https:\/\/www.sincomam.org.br\/index.php\/wp-json\/wp\/v2\/media?parent=31859"}],"wp:term":[{"taxonomy":"category","embeddable":true,"href":"https:\/\/www.sincomam.org.br\/index.php\/wp-json\/wp\/v2\/categories?post=31859"},{"taxonomy":"post_tag","embeddable":true,"href":"https:\/\/www.sincomam.org.br\/index.php\/wp-json\/wp\/v2\/tags?post=31859"}],"curies":[{"name":"wp","href":"https:\/\/api.w.org\/{rel}","templated":true}]}}