{"id":31855,"date":"2020-10-02T11:01:40","date_gmt":"2020-10-02T14:01:40","guid":{"rendered":"http:\/\/www.sincomam.org.br\/?p=31855"},"modified":"2020-10-02T11:01:40","modified_gmt":"2020-10-02T14:01:40","slug":"desemprego-fica-em-141-na-2a-semana-de-setembro-diz-pnad-covid-do-ibge","status":"publish","type":"post","link":"https:\/\/www.sincomam.org.br\/index.php\/desemprego-fica-em-141-na-2a-semana-de-setembro-diz-pnad-covid-do-ibge\/","title":{"rendered":"Desemprego fica em 14,1% na 2\u00aa semana de setembro, diz Pnad Covid do IBGE"},"content":{"rendered":"<p><em><strong>Instituto contabilizava a popula\u00e7\u00e3o desempregada em 13 milh\u00f5es de pessoas na primeira semana do M\u00eas<\/strong><\/em><\/p>\n<p>A taxa de desemprego no Brasil saiu de 13,7% na primeira semana de setembro para 14,1% na segunda semana do m\u00eas, segundo os dados da Pesquisa Nacional por Amostra de Domic\u00edlios Covid (Pnad Covid-19), divulgados nesta sexta-feira, 2, pelo Instituto Brasileiro de Geografia e Estat\u00edstica (IBGE). O instituto avalia que o cen\u00e1rio foi de estabilidade na maioria dos indicadores do mercado de trabalho entre os dias 6 e 12 de setembro.<\/p>\n<p><em>\u201cA popula\u00e7\u00e3o ocupada permaneceu est\u00e1vel, em 82,6 milh\u00f5es de pessoas, ap\u00f3s ter apresentado varia\u00e7\u00f5es positivas nas \u00faltimas tr\u00eas semanas. A popula\u00e7\u00e3o desocupada tamb\u00e9m ficou est\u00e1vel\u201d, diz Maria Lucia Vieira, coordenadora de Trabalho e Rendimento do Instituto Brasileiro de Geografia e Estat\u00edstica (IBGE).<\/em><\/p>\n<p>O total de ocupados \u00e9 de 82,6 milh\u00f5es na segunda semana de setembro, 300 mil a mais que o patamar da semana anterior, quando havia 82,3 milh\u00f5es de pessoas ocupadas no Pa\u00eds. O contingente de pessoas afastadas do trabalho devido \u00e0s medidas de distanciamento social caiu perante a semana anterior, para aproximadamente 3 milh\u00f5es de trabalhadores, o correspondente a 3,7% da popula\u00e7\u00e3o ocupada. Na primeira semana de setembro esse porcentual era de 4,2%, um total de 3,4 milh\u00f5es de pessoas.<\/p>\n<p>J\u00e1 a popula\u00e7\u00e3o ocupada e n\u00e3o afastada do trabalho foi estimada em 77,2 milh\u00f5es de pessoas, ante um contingente de 76,8 milh\u00f5es de trabalhadores registrado na semana anterior.<\/p>\n<p><strong>Trabalho remoto<\/strong><\/p>\n<p>Al\u00e9m disso, na segunda semana de setembro 8,2 milh\u00f5es de pessoas trabalharam remotamente, ou 10,7% da popula\u00e7\u00e3o ocupada e n\u00e3o afastada do trabalho. O n\u00famero ficou praticamente est\u00e1vel em rela\u00e7\u00e3o \u00e0 primeira semana do m\u00eas (8,3 milh\u00f5es de pessoas).<\/p>\n<p><em>\u201cO porcentual da popula\u00e7\u00e3o que vinha trabalhando remotamente permanece est\u00e1vel, na casa dos 10,7% nessas \u00faltimas tr\u00eas semanas\u201d, diz a pesquisadora.<\/em><\/p>\n<p>A popula\u00e7\u00e3o fora da for\u00e7a de trabalho \u2013 que n\u00e3o estava trabalhando nem procurava por trabalho \u2013 somou 74,6 milh\u00f5es na segunda semana de setembro, cerca de 400 mil a menos que os 75 milh\u00f5es registrados na semana anterior.<\/p>\n<p>Entre os inativos, cerca de 26 milh\u00f5es de pessoas, ou 34,9% da popula\u00e7\u00e3o fora da for\u00e7a de trabalho, disseram que gostariam de trabalhar. No entanto, 16,3 milh\u00f5es alegaram que n\u00e3o procuraram trabalho por causa da pandemia ou por n\u00e3o encontrarem uma ocupa\u00e7\u00e3o na localidade em que moravam.<\/p>\n<p>O n\u00edvel de ocupa\u00e7\u00e3o foi de 48,4% na segunda semana de setembro ante 48,3% na semana anterior. A proxy da taxa de informalidade ficou em 34,3% na segunda semana de setembro ante 34,6% na semana anterior.<\/p>\n<p>Fonte: Isto\u00c9 Dinheiro<\/p>\n","protected":false},"excerpt":{"rendered":"<p>Instituto contabilizava a popula\u00e7\u00e3o desempregada em 13 milh\u00f5es de pessoas na primeira semana do M\u00eas A taxa de desemprego no Brasil saiu de 13,7% na&#8230;<\/p>\n","protected":false},"author":1182,"featured_media":10201,"comment_status":"closed","ping_status":"closed","sticky":false,"template":"","format":"standard","meta":{"footnotes":""},"categories":[6],"tags":[61,2751,833,65,1848,2755,1375,3913,554],"class_list":["post-31855","post","type-post","status-publish","format-standard","has-post-thumbnail","hentry","category-noticias","tag-brasil","tag-covid-19","tag-desemprego","tag-empresas","tag-ibge","tag-pandemia","tag-populacao","tag-remoto","tag-trabalho"],"_links":{"self":[{"href":"https:\/\/www.sincomam.org.br\/index.php\/wp-json\/wp\/v2\/posts\/31855","targetHints":{"allow":["GET"]}}],"collection":[{"href":"https:\/\/www.sincomam.org.br\/index.php\/wp-json\/wp\/v2\/posts"}],"about":[{"href":"https:\/\/www.sincomam.org.br\/index.php\/wp-json\/wp\/v2\/types\/post"}],"author":[{"embeddable":true,"href":"https:\/\/www.sincomam.org.br\/index.php\/wp-json\/wp\/v2\/users\/1182"}],"replies":[{"embeddable":true,"href":"https:\/\/www.sincomam.org.br\/index.php\/wp-json\/wp\/v2\/comments?post=31855"}],"version-history":[{"count":1,"href":"https:\/\/www.sincomam.org.br\/index.php\/wp-json\/wp\/v2\/posts\/31855\/revisions"}],"predecessor-version":[{"id":31856,"href":"https:\/\/www.sincomam.org.br\/index.php\/wp-json\/wp\/v2\/posts\/31855\/revisions\/31856"}],"wp:featuredmedia":[{"embeddable":true,"href":"https:\/\/www.sincomam.org.br\/index.php\/wp-json\/wp\/v2\/media\/10201"}],"wp:attachment":[{"href":"https:\/\/www.sincomam.org.br\/index.php\/wp-json\/wp\/v2\/media?parent=31855"}],"wp:term":[{"taxonomy":"category","embeddable":true,"href":"https:\/\/www.sincomam.org.br\/index.php\/wp-json\/wp\/v2\/categories?post=31855"},{"taxonomy":"post_tag","embeddable":true,"href":"https:\/\/www.sincomam.org.br\/index.php\/wp-json\/wp\/v2\/tags?post=31855"}],"curies":[{"name":"wp","href":"https:\/\/api.w.org\/{rel}","templated":true}]}}