{"id":31852,"date":"2020-10-02T09:36:10","date_gmt":"2020-10-02T12:36:10","guid":{"rendered":"http:\/\/www.sincomam.org.br\/?p=31852"},"modified":"2020-10-02T09:36:10","modified_gmt":"2020-10-02T12:36:10","slug":"covid-19-brasil-tem-144-mil-mortes-e-484-milhoes-de-casos-acumulados","status":"publish","type":"post","link":"https:\/\/www.sincomam.org.br\/index.php\/covid-19-brasil-tem-144-mil-mortes-e-484-milhoes-de-casos-acumulados\/","title":{"rendered":"Covid-19: Brasil tem 144 mil mortes e 4,84 milh\u00f5es de casos acumulados"},"content":{"rendered":"<p><strong><em>Total de brasileiros recuperados chega a 4,21 milh\u00f5es; Donald Trump (Presidente dos EUA) testa positivo para covid-19<\/em><\/strong><\/p>\n<p>O boletim di\u00e1rio do Minist\u00e9rio da Sa\u00fade, divulgado nesta quinta-feira (1\u00ba) \u00e0 noite, revela que o Brasil registrou 4.847.092 casos confirmados do novo coronav\u00edrus desde o in\u00edcio da pandemia.<\/p>\n<p>Desse total, 3% dos casos resultaram em morte (144.680); 10,1% dos pacientes est\u00e3o em tratamento (489.640); e 86,9% dos brasileiros que contra\u00edram covid-19 est\u00e3o recuperados (4.212.772).<\/p>\n<p>Nas \u00faltimas 24 horas, foram registrados 728 \u00f3bitos e 36.157 novos casos confirmados.<\/p>\n<p>As autoridades de sa\u00fade ainda investigam se outras 2.440 mortes foram provocadas por coronav\u00edrus.<\/p>\n<p><strong>SP se aproxima da marca de 1 milh\u00e3o de casos do novo coronav\u00edrus<\/strong><\/p>\n<p>Passados pouco mais de sete meses da confirma\u00e7\u00e3o do primeiro caso de covid-19 no Brasil, o estado de S\u00e3o Paulo est\u00e1 perto de somar um milh\u00e3o de casos acumulados do novo coronav\u00edrus. At\u00e9 hoje, o estado contabiliza 991.725 casos confirmados, sendo 6.097 deles computados nas \u00faltimas 24 horas. O total de mortes j\u00e1 soma 35.804, sendo que 182 delas foram contabilizadas de ontem para hoje.<\/p>\n<p>Do total de casos diagnosticados, 856.453 pessoas est\u00e3o recuperadas da doen\u00e7a, sendo 108.508 delas ap\u00f3s interna\u00e7\u00e3o.<\/p>\n<p>H\u00e1 9.086 pessoas internadas em todo o estado em casos suspeitos ou confirmados do novo coronav\u00edrus, sendo que 3.919 delas est\u00e3o em estado grave. A taxa de ocupa\u00e7\u00e3o de leitos de unidades de terapia intensiva (UTI) est\u00e1 em 44% no estado e em 42,7% na Grande S\u00e3o Paulo. O n\u00famero de novas interna\u00e7\u00f5es no estado est\u00e1 caindo h\u00e1 dez semanas consecutivas e a taxa de ocupa\u00e7\u00e3o j\u00e1 \u00e9 a mais baixa desde o in\u00edcio da pandemia.<\/p>\n<p><strong>Onde h\u00e1 mais casos de covid-19 no Brasil<\/strong><\/p>\n<ul>\n<li>S\u00e3o Paulo = 991.725<\/li>\n<li>Bahia = 312.050<\/li>\n<li>Minas Gerais = 298.607<\/li>\n<li>Rio de Janeiro = 266.235<\/li>\n<li>Cear\u00e1 = 241.684<a href=\"https:\/\/www.sincomam.org.br\/wp-content\/uploads\/2020\/10\/boletim.jpeg\" target=\"_blank\" rel=\"noopener noreferrer\"><img fetchpriority=\"high\" decoding=\"async\" class=\"alignleft wp-image-31853\" src=\"https:\/\/www.sincomam.org.br\/wp-content\/uploads\/2020\/10\/boletim.jpeg\" alt=\"\" width=\"585\" height=\"325\" srcset=\"https:\/\/www.sincomam.org.br\/wp-content\/uploads\/2020\/10\/boletim.jpeg 754w, https:\/\/www.sincomam.org.br\/wp-content\/uploads\/2020\/10\/boletim-300x167.jpeg 300w, https:\/\/www.sincomam.org.br\/wp-content\/uploads\/2020\/10\/boletim-470x260.jpeg 470w\" sizes=\"(max-width: 585px) 100vw, 585px\" \/><\/a><\/li>\n<\/ul>\n<p>&nbsp;<\/p>\n<p>&nbsp;<\/p>\n<p>&nbsp;<\/p>\n<p>&nbsp;<\/p>\n<p>&nbsp;<\/p>\n<p>&nbsp;<\/p>\n<p>&nbsp;<\/p>\n<p>&nbsp;<\/p>\n<p><strong>Mundo<\/strong><\/p>\n<p>O mundo ultrapassou a marca de 1 milh\u00e3o de mortes provocadas pelo novo coronav\u00edrus, segundo a Universidade Johns Hopkins. O presidente dos Estados Unidos (EUA), Donald Trump, que minimizou a amea\u00e7a da pandemia do covid-19 por meses, anunciou nesta sexta-feira (2) que ele e a primeira-dama Melania Trump, tiveram teste positivo para covid-19 e entrar\u00e3o em quarentena.<img decoding=\"async\" src=\"https:\/\/agenciabrasil.ebc.com.br\/ebc.png?id=1389560&amp;o=node\" \/><img decoding=\"async\" src=\"https:\/\/agenciabrasil.ebc.com.br\/ebc.gif?id=1389560&amp;o=node\" \/><\/p>\n<p>Fonte: Ag\u00eancia Brasil<\/p>\n","protected":false},"excerpt":{"rendered":"<p>Total de brasileiros recuperados chega a 4,21 milh\u00f5es; Donald Trump (Presidente dos EUA) testa positivo para covid-19 O boletim di\u00e1rio do Minist\u00e9rio da Sa\u00fade, divulgado&#8230;<\/p>\n","protected":false},"author":1182,"featured_media":28525,"comment_status":"closed","ping_status":"closed","sticky":false,"template":"","format":"standard","meta":{"footnotes":""},"categories":[6],"tags":[61,2778,2800,2752,2751,266,1005,59,366],"class_list":["post-31852","post","type-post","status-publish","format-standard","has-post-thumbnail","hentry","category-noticias","tag-brasil","tag-casos","tag-confirmados","tag-coronavirus","tag-covid-19","tag-eua","tag-mortes","tag-rio-de-janeiro","tag-sao-paulo"],"_links":{"self":[{"href":"https:\/\/www.sincomam.org.br\/index.php\/wp-json\/wp\/v2\/posts\/31852","targetHints":{"allow":["GET"]}}],"collection":[{"href":"https:\/\/www.sincomam.org.br\/index.php\/wp-json\/wp\/v2\/posts"}],"about":[{"href":"https:\/\/www.sincomam.org.br\/index.php\/wp-json\/wp\/v2\/types\/post"}],"author":[{"embeddable":true,"href":"https:\/\/www.sincomam.org.br\/index.php\/wp-json\/wp\/v2\/users\/1182"}],"replies":[{"embeddable":true,"href":"https:\/\/www.sincomam.org.br\/index.php\/wp-json\/wp\/v2\/comments?post=31852"}],"version-history":[{"count":1,"href":"https:\/\/www.sincomam.org.br\/index.php\/wp-json\/wp\/v2\/posts\/31852\/revisions"}],"predecessor-version":[{"id":31854,"href":"https:\/\/www.sincomam.org.br\/index.php\/wp-json\/wp\/v2\/posts\/31852\/revisions\/31854"}],"wp:featuredmedia":[{"embeddable":true,"href":"https:\/\/www.sincomam.org.br\/index.php\/wp-json\/wp\/v2\/media\/28525"}],"wp:attachment":[{"href":"https:\/\/www.sincomam.org.br\/index.php\/wp-json\/wp\/v2\/media?parent=31852"}],"wp:term":[{"taxonomy":"category","embeddable":true,"href":"https:\/\/www.sincomam.org.br\/index.php\/wp-json\/wp\/v2\/categories?post=31852"},{"taxonomy":"post_tag","embeddable":true,"href":"https:\/\/www.sincomam.org.br\/index.php\/wp-json\/wp\/v2\/tags?post=31852"}],"curies":[{"name":"wp","href":"https:\/\/api.w.org\/{rel}","templated":true}]}}