{"id":31845,"date":"2020-10-01T11:55:34","date_gmt":"2020-10-01T14:55:34","guid":{"rendered":"http:\/\/www.sincomam.org.br\/?p=31845"},"modified":"2020-10-01T11:58:45","modified_gmt":"2020-10-01T14:58:45","slug":"antecipacao-do-auxilio-doenca-continuara-em-vigor-informou-o-inss","status":"publish","type":"post","link":"https:\/\/www.sincomam.org.br\/index.php\/antecipacao-do-auxilio-doenca-continuara-em-vigor-informou-o-inss\/","title":{"rendered":"Antecipa\u00e7\u00e3o do aux\u00edlio-doen\u00e7a continuar\u00e1 em vigor, informou o INSS"},"content":{"rendered":"<p><strong><em>Portaria estabelece procedimento sem limita\u00e7\u00e3o de dist\u00e2ncia<\/em><\/strong><\/p>\n<p>A antecipa\u00e7\u00e3o do aux\u00edlio por incapacidade tempor\u00e1ria, antigo aux\u00edlio-doen\u00e7a, continuar\u00e1 em vigor para todas as localidades do pa\u00eds, conforme instru\u00e7\u00f5es da Secretaria Especial de Previd\u00eancia e Trabalho e o Instituto Nacional do Seguro Social (INSS). A portaria foi publicada nesta ter\u00e7a-feira (29).<\/p>\n<p>De acordo com a Portaria, o segurado, no momento do requerimento, poder\u00e1 fazer a op\u00e7\u00e3o pelo agendamento da per\u00edcia m\u00e9dica para a concess\u00e3o do aux\u00edlio por incapacidade tempor\u00e1ria, em uma das unidades de atendimento da Per\u00edcia M\u00e9dica Federal cujo servi\u00e7o de agendamento esteja dispon\u00edvel, ou optar pela antecipa\u00e7\u00e3o.<\/p>\n<p><em>\u201cFica estabelecido que todos os segurados poder\u00e3o requerer a antecipa\u00e7\u00e3o do aux\u00edlio por incapacidade tempor\u00e1ria, e n\u00e3o somente aqueles que residam a mais de 70 quil\u00f4metros de uma ag\u00eancia com servi\u00e7o de per\u00edcia m\u00e9dica. Essa altera\u00e7\u00e3o tem por objetivo melhor atender os segurados durante o per\u00edodo de retorno gradual e seguro do atendimento presencial\u201d, informou o INSS, em comunicado divulgado pelo Minist\u00e9rio da Economia.<\/em><\/p>\n<p>O segurado que optar pela antecipa\u00e7\u00e3o ser\u00e1 posteriormente notificado pelo INSS para agendamento da per\u00edcia m\u00e9dica destinada \u00e0 concess\u00e3o definitiva do benef\u00edcio e pagamento da diferen\u00e7a devida, caso tenha direito a um valor maior do que R$ 1.045, valor atualmente estabelecido para a antecipa\u00e7\u00e3o.<\/p>\n<p>Para requerer a antecipa\u00e7\u00e3o do aux\u00edlio-doen\u00e7a o segurado deve enviar, pelo <a href=\"https:\/\/meu.inss.gov.br\/central\/#\/login?redirectUrl=\/\" target=\"_blank\" rel=\"noopener noreferrer\"><strong>Meu INSS,<\/strong><\/a> o atestado m\u00e9dico e a declara\u00e7\u00e3o de responsabilidade pelos documentos apresentados. O atestado passar\u00e1 por an\u00e1lise da per\u00edcia m\u00e9dica para concess\u00e3o da antecipa\u00e7\u00e3o.<\/p>\n<p>A antecipa\u00e7\u00e3o do aux\u00edlio-doen\u00e7a pode ser feita at\u00e9 31 de outubro.<\/p>\n<p>*Com informa\u00e7\u00f5es do Minist\u00e9rio da Economia<\/p>\n","protected":false},"excerpt":{"rendered":"<p>Portaria estabelece procedimento sem limita\u00e7\u00e3o de dist\u00e2ncia A antecipa\u00e7\u00e3o do aux\u00edlio por incapacidade tempor\u00e1ria, antigo aux\u00edlio-doen\u00e7a, continuar\u00e1 em vigor para todas as localidades do pa\u00eds,&#8230;<\/p>\n","protected":false},"author":1182,"featured_media":31792,"comment_status":"closed","ping_status":"closed","sticky":false,"template":"","format":"standard","meta":{"footnotes":""},"categories":[6],"tags":[3236,3909,1839,3910,1560],"class_list":["post-31845","post","type-post","status-publish","format-standard","has-post-thumbnail","hentry","category-noticias","tag-antecipacao","tag-auxilio-doenca","tag-inss","tag-ministerio-da-economia","tag-portaria"],"_links":{"self":[{"href":"https:\/\/www.sincomam.org.br\/index.php\/wp-json\/wp\/v2\/posts\/31845","targetHints":{"allow":["GET"]}}],"collection":[{"href":"https:\/\/www.sincomam.org.br\/index.php\/wp-json\/wp\/v2\/posts"}],"about":[{"href":"https:\/\/www.sincomam.org.br\/index.php\/wp-json\/wp\/v2\/types\/post"}],"author":[{"embeddable":true,"href":"https:\/\/www.sincomam.org.br\/index.php\/wp-json\/wp\/v2\/users\/1182"}],"replies":[{"embeddable":true,"href":"https:\/\/www.sincomam.org.br\/index.php\/wp-json\/wp\/v2\/comments?post=31845"}],"version-history":[{"count":2,"href":"https:\/\/www.sincomam.org.br\/index.php\/wp-json\/wp\/v2\/posts\/31845\/revisions"}],"predecessor-version":[{"id":31847,"href":"https:\/\/www.sincomam.org.br\/index.php\/wp-json\/wp\/v2\/posts\/31845\/revisions\/31847"}],"wp:featuredmedia":[{"embeddable":true,"href":"https:\/\/www.sincomam.org.br\/index.php\/wp-json\/wp\/v2\/media\/31792"}],"wp:attachment":[{"href":"https:\/\/www.sincomam.org.br\/index.php\/wp-json\/wp\/v2\/media?parent=31845"}],"wp:term":[{"taxonomy":"category","embeddable":true,"href":"https:\/\/www.sincomam.org.br\/index.php\/wp-json\/wp\/v2\/categories?post=31845"},{"taxonomy":"post_tag","embeddable":true,"href":"https:\/\/www.sincomam.org.br\/index.php\/wp-json\/wp\/v2\/tags?post=31845"}],"curies":[{"name":"wp","href":"https:\/\/api.w.org\/{rel}","templated":true}]}}