{"id":31843,"date":"2020-10-01T11:37:55","date_gmt":"2020-10-01T14:37:55","guid":{"rendered":"http:\/\/www.sincomam.org.br\/?p=31843"},"modified":"2020-10-01T11:57:28","modified_gmt":"2020-10-01T14:57:28","slug":"caixa-libera-o-auxilio-emergencial-para-nascidos-em-abril","status":"publish","type":"post","link":"https:\/\/www.sincomam.org.br\/index.php\/caixa-libera-o-auxilio-emergencial-para-nascidos-em-abril\/","title":{"rendered":"Caixa libera o aux\u00edlio emergencial para nascidos em abril"},"content":{"rendered":"<p><strong><em>Benefici\u00e1rios poder\u00e3o sacar ao menos uma das cinco parcelas<\/em><\/strong><\/p>\n<p>Os saques e transfer\u00eancias do aux\u00edlio emergencial de R$ 600 para aniversariantes de abril est\u00e3o liberados a partir desta quinta-feira (1\u00ba). A autoriza\u00e7\u00e3o vale para quem se inscreveu pelo aplicativo ou site, nas ag\u00eancias dos Correios, ou que j\u00e1 estava no Cadastro \u00danico mas n\u00e3o \u00e9 benefici\u00e1rio do Bolsa Fam\u00edlia.<\/p>\n<p>O dinheiro havia sido depositado em poupan\u00e7a digital da Caixa, mas s\u00f3 podia ser movimentado pelo aplicativo Caixa Tem &#8211; dispon\u00edvel para Android e iOS &#8211; para o pagamento de contas e boletos e compras por meio de cart\u00e3o virtual.<\/p>\n<p>A partir de hoje (1\u00ba), nascidos de janeiro a abril est\u00e3o autorizados a sacar o que restou do saldo em ag\u00eancias da Caixa. Os benefici\u00e1rios poder\u00e3o sacar pelo menos uma das cinco primeiras parcelas, a depender da data em que teve o cadastro aprovado. O dinheiro liberado hoje para saque e transfer\u00eancia faz parte do Ciclo 2 de pagamentos que foram depositados em poupan\u00e7a digital da Caixa em 9 de setembro.<\/p>\n<p>Nesse grupo, est\u00e3o pessoas que aguardam diferentes parcelas do aux\u00edlio. H\u00e1 tamb\u00e9m pessoas que tiveram o benef\u00edcio negado e, por isso, apresentaram contesta\u00e7\u00e3o. Ap\u00f3s uma nova an\u00e1lise, o aux\u00edlio foi concedido. Outros come\u00e7aram a receber o pagamento, mas passaram por uma reavalia\u00e7\u00e3o, tendo o benef\u00edcio suspenso. O valor, no entanto, foi posteriormente liberado. O pagamento das parcelas extras de R$ 300 para esses trabalhadores ainda n\u00e3o come\u00e7ou.<\/p>\n<p><strong>Calend\u00e1rio do Ciclo 2<\/strong><\/p>\n<p>&#8211; Quem recebeu o cr\u00e9dito da primeira parcela em abril de 2020 &#8211; ter\u00e1 a quinta parcela;<\/p>\n<p>&#8211; Quem recebeu o cr\u00e9dito da primeira parcela em maio de 2020 &#8211; ter\u00e1 a quarta parcela;<\/p>\n<p>&#8211; Quem recebeu o cr\u00e9dito da primeira parcela em junho de 2020 &#8211; ter\u00e1 a terceira parcela;<\/p>\n<p>&#8211; Quem recebeu o cr\u00e9dito da primeira parcela em julho de 2020 &#8211; ter\u00e1 a segunda parcela;<\/p>\n<p>&#8211; Quem se inscreveu pelos Correios ou teve o benef\u00edcio negado e apresentou contesta\u00e7\u00e3o &#8211; receber\u00e1 a primeira parcela;<\/p>\n<p>&#8211; Libera\u00e7\u00e3o para quem teve o aux\u00edlio reavaliado em julho ou agosto e liberado para a continuidade do pagamento.<\/p>\n<p>Fonte: Ag\u00eancia Brasil<\/p>\n","protected":false},"excerpt":{"rendered":"<p>Benefici\u00e1rios poder\u00e3o sacar ao menos uma das cinco parcelas Os saques e transfer\u00eancias do aux\u00edlio emergencial de R$ 600 para aniversariantes de abril est\u00e3o liberados&#8230;<\/p>\n","protected":false},"author":1182,"featured_media":4097,"comment_status":"closed","ping_status":"closed","sticky":false,"template":"","format":"standard","meta":{"footnotes":""},"categories":[6],"tags":[1757,2377,390,2817,432,325,204],"class_list":["post-31843","post","type-post","status-publish","format-standard","has-post-thumbnail","hentry","category-noticias","tag-auxilio","tag-beneficio","tag-caixa","tag-calendario","tag-emergencial","tag-liberacao","tag-pagamento"],"_links":{"self":[{"href":"https:\/\/www.sincomam.org.br\/index.php\/wp-json\/wp\/v2\/posts\/31843","targetHints":{"allow":["GET"]}}],"collection":[{"href":"https:\/\/www.sincomam.org.br\/index.php\/wp-json\/wp\/v2\/posts"}],"about":[{"href":"https:\/\/www.sincomam.org.br\/index.php\/wp-json\/wp\/v2\/types\/post"}],"author":[{"embeddable":true,"href":"https:\/\/www.sincomam.org.br\/index.php\/wp-json\/wp\/v2\/users\/1182"}],"replies":[{"embeddable":true,"href":"https:\/\/www.sincomam.org.br\/index.php\/wp-json\/wp\/v2\/comments?post=31843"}],"version-history":[{"count":1,"href":"https:\/\/www.sincomam.org.br\/index.php\/wp-json\/wp\/v2\/posts\/31843\/revisions"}],"predecessor-version":[{"id":31844,"href":"https:\/\/www.sincomam.org.br\/index.php\/wp-json\/wp\/v2\/posts\/31843\/revisions\/31844"}],"wp:featuredmedia":[{"embeddable":true,"href":"https:\/\/www.sincomam.org.br\/index.php\/wp-json\/wp\/v2\/media\/4097"}],"wp:attachment":[{"href":"https:\/\/www.sincomam.org.br\/index.php\/wp-json\/wp\/v2\/media?parent=31843"}],"wp:term":[{"taxonomy":"category","embeddable":true,"href":"https:\/\/www.sincomam.org.br\/index.php\/wp-json\/wp\/v2\/categories?post=31843"},{"taxonomy":"post_tag","embeddable":true,"href":"https:\/\/www.sincomam.org.br\/index.php\/wp-json\/wp\/v2\/tags?post=31843"}],"curies":[{"name":"wp","href":"https:\/\/api.w.org\/{rel}","templated":true}]}}