{"id":31838,"date":"2020-10-01T10:07:36","date_gmt":"2020-10-01T13:07:36","guid":{"rendered":"http:\/\/www.sincomam.org.br\/?p=31838"},"modified":"2020-10-01T10:07:36","modified_gmt":"2020-10-01T13:07:36","slug":"forcas-armadas-reforcam-inspecao-naval-e-combate-a-incendios-na-amazonia","status":"publish","type":"post","link":"https:\/\/www.sincomam.org.br\/index.php\/forcas-armadas-reforcam-inspecao-naval-e-combate-a-incendios-na-amazonia\/","title":{"rendered":"For\u00e7as Armadas refor\u00e7am inspe\u00e7\u00e3o naval e combate a inc\u00eandios na Amaz\u00f4nia"},"content":{"rendered":"<p><em><strong>\u00a0Aeronaves e embarca\u00e7\u00f5es s\u00e3o <\/strong><\/em><em><strong>utilizadas pela Marinha do Brasil, na Opera\u00e7\u00e3o Verde Brasil 02<\/strong><\/em><\/p>\n<p>O Minist\u00e9rio da Defesa informou que, por meio da Opera\u00e7\u00e3o Verde Brasil 2, os militares das For\u00e7as Armadas, junto a agentes p\u00fablicos de diferentes institui\u00e7\u00f5es, atuam no combate ao desmatamento em diversas localidades da Amaz\u00f4nia Legal.<\/p>\n<p>Segundo o Minist\u00e9rio, foram realizadas a\u00e7\u00f5es de patrulha e de reconhecimento terrestre, de conscientiza\u00e7\u00e3o da popula\u00e7\u00e3o ind\u00edgena e de patrulha motorizada, al\u00e9m de combate a inc\u00eandios florestais e a queimadas.<\/p>\n<p>Em apoio \u00e0s a\u00e7\u00f5es, o Comando Conjunto Amaz\u00f4nia (CCjA), por interm\u00e9dio do 9\u00ba Distrito Naval, deu continuidade \u00e0s inspe\u00e7\u00f5es navais em diversos rios, abrangendo v\u00e1rias localidades dos estados do Amazonas, do Acre, de Roraima e de Rond\u00f4nia.<\/p>\n<p><strong>Combate a inc\u00eandio<\/strong><\/p>\n<p>Durante o trabalho do Comando Conjunto Oeste, em Campo Grande (MT), foram revistados 104 ve\u00edculos e combatidos 45 focos de inc\u00eandios, conforme relat\u00f3rio da Secretaria de Estado do Meio Ambiente de Mato Grosso. Al\u00e9m disso, foram apreendidas motosserras, tratores, caminh\u00f5es e equipamentos e 184 pessoas conduzidas \u00e0 delegacia.<\/p>\n<p><strong>Opera\u00e7\u00e3o Verde Brasil 2<\/strong><\/p>\n<p>A Opera\u00e7\u00e3o Verde Brasil 2 \u00e9 coordenada pelo Minist\u00e9rio da Defesa. A miss\u00e3o deflagrada pelo Governo Federal, em 11 de maio de 2020, visa a\u00e7\u00f5es preventivas e repressivas contra delitos ambientais na Amaz\u00f4nia Legal.<\/p>\n<p>Para realizar as opera\u00e7\u00f5es de combate, o Minist\u00e9rio da Defesa ativou tr\u00eas Comandos Conjuntos: Comando Conjunto Norte (CCjN), Comando Conjunto Amaz\u00f4nia (CCjA) e Comando Conjunto Oeste (CCjO). O Comando de Opera\u00e7\u00f5es Aeroespaciais (COMAE), da FAB, d\u00e1 suporte \u00e0s a\u00e7\u00f5es a\u00e9reas, em car\u00e1ter permanente. Assim como na Opera\u00e7\u00e3o Verde Brasil ocorrida em 2019, o Centro de Opera\u00e7\u00f5es Conjuntas do Minist\u00e9rio da Defesa coordena as atividades a partir da capital federal.<\/p>\n<p>Ainda participam da miss\u00e3o integrantes da Pol\u00edcia Federal, Policia Rodovi\u00e1ria Federal, Instituto Brasileiro do Meio Ambiente e dos Recursos Naturais Renov\u00e1veis (IBAMA), Instituto Chico Mendes de Conserva\u00e7\u00e3o da Biodiversidade (ICMbio), For\u00e7a Nacional de Seguran\u00e7a P\u00fablica, Ag\u00eancia Brasileira de Intelig\u00eancia (ABIN) e Centro Gestor e Operacional do Sistema de Prote\u00e7\u00e3o da Amaz\u00f4nia (Censipam).<\/p>\n<p>*Com informa\u00e7\u00f5es do Minist\u00e9rio da Defesa \/Fotos: divulga\u00e7\u00e3o For\u00e7as Armadas<\/p>\n","protected":false},"excerpt":{"rendered":"<p>\u00a0Aeronaves e embarca\u00e7\u00f5es s\u00e3o utilizadas pela Marinha do Brasil, na Opera\u00e7\u00e3o Verde Brasil 02 O Minist\u00e9rio da Defesa informou que, por meio da Opera\u00e7\u00e3o Verde&#8230;<\/p>\n","protected":false},"author":1182,"featured_media":31839,"comment_status":"closed","ping_status":"closed","sticky":false,"template":"","format":"standard","meta":{"footnotes":""},"categories":[6],"tags":[2942,2840,2908,894,3908,3907,1013,3683,377,3742],"class_list":["post-31838","post","type-post","status-publish","format-standard","has-post-thumbnail","hentry","category-noticias","tag-amazonia","tag-combate","tag-fab","tag-forcas-armadas","tag-incendios","tag-inspecao-naval","tag-marinha-do-brasil","tag-ministerio-da-defesa","tag-operacao","tag-verde-brasil-2"],"_links":{"self":[{"href":"https:\/\/www.sincomam.org.br\/index.php\/wp-json\/wp\/v2\/posts\/31838","targetHints":{"allow":["GET"]}}],"collection":[{"href":"https:\/\/www.sincomam.org.br\/index.php\/wp-json\/wp\/v2\/posts"}],"about":[{"href":"https:\/\/www.sincomam.org.br\/index.php\/wp-json\/wp\/v2\/types\/post"}],"author":[{"embeddable":true,"href":"https:\/\/www.sincomam.org.br\/index.php\/wp-json\/wp\/v2\/users\/1182"}],"replies":[{"embeddable":true,"href":"https:\/\/www.sincomam.org.br\/index.php\/wp-json\/wp\/v2\/comments?post=31838"}],"version-history":[{"count":1,"href":"https:\/\/www.sincomam.org.br\/index.php\/wp-json\/wp\/v2\/posts\/31838\/revisions"}],"predecessor-version":[{"id":31840,"href":"https:\/\/www.sincomam.org.br\/index.php\/wp-json\/wp\/v2\/posts\/31838\/revisions\/31840"}],"wp:featuredmedia":[{"embeddable":true,"href":"https:\/\/www.sincomam.org.br\/index.php\/wp-json\/wp\/v2\/media\/31839"}],"wp:attachment":[{"href":"https:\/\/www.sincomam.org.br\/index.php\/wp-json\/wp\/v2\/media?parent=31838"}],"wp:term":[{"taxonomy":"category","embeddable":true,"href":"https:\/\/www.sincomam.org.br\/index.php\/wp-json\/wp\/v2\/categories?post=31838"},{"taxonomy":"post_tag","embeddable":true,"href":"https:\/\/www.sincomam.org.br\/index.php\/wp-json\/wp\/v2\/tags?post=31838"}],"curies":[{"name":"wp","href":"https:\/\/api.w.org\/{rel}","templated":true}]}}