{"id":31835,"date":"2020-10-01T09:50:47","date_gmt":"2020-10-01T12:50:47","guid":{"rendered":"http:\/\/www.sincomam.org.br\/?p=31835"},"modified":"2020-10-01T09:50:47","modified_gmt":"2020-10-01T12:50:47","slug":"capitania-dos-portos-da-amazonia-oriental-resgata-dois-tripulantes-na-baia-de-guajara","status":"publish","type":"post","link":"https:\/\/www.sincomam.org.br\/index.php\/capitania-dos-portos-da-amazonia-oriental-resgata-dois-tripulantes-na-baia-de-guajara\/","title":{"rendered":"Capitania dos Portos da Amaz\u00f4nia Oriental resgata dois tripulantes na Ba\u00eda de Guajar\u00e1"},"content":{"rendered":"<p><strong><em>Embarca\u00e7\u00e3o afundou e tripula\u00e7\u00e3o recebeu ajuda da Marinha do Brasil<\/em><\/strong><\/p>\n<p>A Capitania dos Portos da Amaz\u00f4nia Oriental (CPAOR) informa que foram resgatados dois homens de 23 e 33 anos, na Ba\u00eda do Guajar\u00e1, em frente \u00e0 Vila das Barcas, em Bel\u00e9m (PA). Segundo informa\u00e7\u00f5es dos tripulantes, a embarca\u00e7\u00e3o em que estavam afundou por volta de 6h.<\/p>\n<p>Segundo a Capitania, uma equipe de Inspe\u00e7\u00e3o Naval da CPAOR resgatou em seguran\u00e7a os dois tripulantes que estavam flutuando em uma boia e os levou ao Corpo de Bombeiros.<\/p>\n<p>N\u00e3o houve feridos, v\u00edtimas fatais ou polui\u00e7\u00e3o h\u00eddrica. Ser\u00e1 instaurado inqu\u00e9rito para apurar as causas, circunst\u00e2ncias e os respons\u00e1veis pelo acidente.<\/p>\n<p>*Com informa\u00e7\u00f5es da MB<\/p>\n","protected":false},"excerpt":{"rendered":"<p>Embarca\u00e7\u00e3o afundou e tripula\u00e7\u00e3o recebeu ajuda da Marinha do Brasil A Capitania dos Portos da Amaz\u00f4nia Oriental (CPAOR) informa que foram resgatados dois homens de&#8230;<\/p>\n","protected":false},"author":1182,"featured_media":31836,"comment_status":"closed","ping_status":"closed","sticky":false,"template":"","format":"standard","meta":{"footnotes":""},"categories":[6],"tags":[3905,3906,550,352,50,1013,513,394,635],"class_list":["post-31835","post","type-post","status-publish","format-standard","has-post-thumbnail","hentry","category-noticias","tag-afundou","tag-baia-do-guajara","tag-belem","tag-embarcacao","tag-mar","tag-marinha-do-brasil","tag-para","tag-resgate","tag-tripulantes"],"_links":{"self":[{"href":"https:\/\/www.sincomam.org.br\/index.php\/wp-json\/wp\/v2\/posts\/31835","targetHints":{"allow":["GET"]}}],"collection":[{"href":"https:\/\/www.sincomam.org.br\/index.php\/wp-json\/wp\/v2\/posts"}],"about":[{"href":"https:\/\/www.sincomam.org.br\/index.php\/wp-json\/wp\/v2\/types\/post"}],"author":[{"embeddable":true,"href":"https:\/\/www.sincomam.org.br\/index.php\/wp-json\/wp\/v2\/users\/1182"}],"replies":[{"embeddable":true,"href":"https:\/\/www.sincomam.org.br\/index.php\/wp-json\/wp\/v2\/comments?post=31835"}],"version-history":[{"count":1,"href":"https:\/\/www.sincomam.org.br\/index.php\/wp-json\/wp\/v2\/posts\/31835\/revisions"}],"predecessor-version":[{"id":31837,"href":"https:\/\/www.sincomam.org.br\/index.php\/wp-json\/wp\/v2\/posts\/31835\/revisions\/31837"}],"wp:featuredmedia":[{"embeddable":true,"href":"https:\/\/www.sincomam.org.br\/index.php\/wp-json\/wp\/v2\/media\/31836"}],"wp:attachment":[{"href":"https:\/\/www.sincomam.org.br\/index.php\/wp-json\/wp\/v2\/media?parent=31835"}],"wp:term":[{"taxonomy":"category","embeddable":true,"href":"https:\/\/www.sincomam.org.br\/index.php\/wp-json\/wp\/v2\/categories?post=31835"},{"taxonomy":"post_tag","embeddable":true,"href":"https:\/\/www.sincomam.org.br\/index.php\/wp-json\/wp\/v2\/tags?post=31835"}],"curies":[{"name":"wp","href":"https:\/\/api.w.org\/{rel}","templated":true}]}}