{"id":31832,"date":"2020-10-01T09:48:12","date_gmt":"2020-10-01T12:48:12","guid":{"rendered":"http:\/\/www.sincomam.org.br\/?p=31832"},"modified":"2020-10-01T09:48:12","modified_gmt":"2020-10-01T12:48:12","slug":"colegio-naval-realiza-cerimonia-de-juramento-a-bandeira-nacional","status":"publish","type":"post","link":"https:\/\/www.sincomam.org.br\/index.php\/colegio-naval-realiza-cerimonia-de-juramento-a-bandeira-nacional\/","title":{"rendered":"Col\u00e9gio Naval realiza cerim\u00f4nia de juramento \u00e0 Bandeira Nacional"},"content":{"rendered":"<p><strong><em>Alunos do Col\u00e9gio prestam juramento \u00e0 Bandeira Nacional<\/em><\/strong><\/p>\n<p>A Marinha do Brasil informou que, nesta quarta-feira (29), foi realizada a cerim\u00f4nia de juramento \u00e0 Bandeira Nacional pelos alunos que completam 17 anos de idade em 2020, no Col\u00e9gio Naval (CN), no Rio de Janeiro.<\/p>\n<p>Na ocasi\u00e3o, 185 alunos prestaram o solene juramento ao Pavilh\u00e3o Nacional, simbolizando o instante em que passaram a se dedicar inteiramente ao servi\u00e7o da P\u00e1tria, com a promessa de defender a na\u00e7\u00e3o com o sacrif\u00edcio da pr\u00f3pria vida.<\/p>\n<p>A cerim\u00f4nia ocorreu no Campo de Esportes e foi presidida pelo Comandante do Col\u00e9gio Naval, Capit\u00e3o de Mar e Guerra Leonardo Pacheco Vianna. Em discurso, o Comandante agradeceu aos pais e familiares pela confian\u00e7a na institui\u00e7\u00e3o e ressaltou que o juramento \u00e0 Bandeira \u00e9 um dos mais significativos atos na vida do jovem militar.<\/p>\n<p>Participaram do evento, os Chefes de Departamento do Col\u00e9gio Naval e os oficiais do Comando do Corpo de Alunos. Em virtude da situa\u00e7\u00e3o epidemiol\u00f3gica atual, a solenidade n\u00e3o foi aberta ao p\u00fablico e n\u00e3o houve desfile do Batalh\u00e3o Escolar.<\/p>\n<p>*Com informa\u00e7\u00f5es da MB<\/p>\n","protected":false},"excerpt":{"rendered":"<p>Alunos do Col\u00e9gio prestam juramento \u00e0 Bandeira Nacional A Marinha do Brasil informou que, nesta quarta-feira (29), foi realizada a cerim\u00f4nia de juramento \u00e0 Bandeira&#8230;<\/p>\n","protected":false},"author":1182,"featured_media":31833,"comment_status":"closed","ping_status":"closed","sticky":false,"template":"","format":"standard","meta":{"footnotes":""},"categories":[6],"tags":[1698,3904,1019,2804,3782,1013,59],"class_list":["post-31832","post","type-post","status-publish","format-standard","has-post-thumbnail","hentry","category-noticias","tag-alunos","tag-bandeira-nacional","tag-cerimonia","tag-colegio-naval","tag-juramento","tag-marinha-do-brasil","tag-rio-de-janeiro"],"_links":{"self":[{"href":"https:\/\/www.sincomam.org.br\/index.php\/wp-json\/wp\/v2\/posts\/31832","targetHints":{"allow":["GET"]}}],"collection":[{"href":"https:\/\/www.sincomam.org.br\/index.php\/wp-json\/wp\/v2\/posts"}],"about":[{"href":"https:\/\/www.sincomam.org.br\/index.php\/wp-json\/wp\/v2\/types\/post"}],"author":[{"embeddable":true,"href":"https:\/\/www.sincomam.org.br\/index.php\/wp-json\/wp\/v2\/users\/1182"}],"replies":[{"embeddable":true,"href":"https:\/\/www.sincomam.org.br\/index.php\/wp-json\/wp\/v2\/comments?post=31832"}],"version-history":[{"count":1,"href":"https:\/\/www.sincomam.org.br\/index.php\/wp-json\/wp\/v2\/posts\/31832\/revisions"}],"predecessor-version":[{"id":31834,"href":"https:\/\/www.sincomam.org.br\/index.php\/wp-json\/wp\/v2\/posts\/31832\/revisions\/31834"}],"wp:featuredmedia":[{"embeddable":true,"href":"https:\/\/www.sincomam.org.br\/index.php\/wp-json\/wp\/v2\/media\/31833"}],"wp:attachment":[{"href":"https:\/\/www.sincomam.org.br\/index.php\/wp-json\/wp\/v2\/media?parent=31832"}],"wp:term":[{"taxonomy":"category","embeddable":true,"href":"https:\/\/www.sincomam.org.br\/index.php\/wp-json\/wp\/v2\/categories?post=31832"},{"taxonomy":"post_tag","embeddable":true,"href":"https:\/\/www.sincomam.org.br\/index.php\/wp-json\/wp\/v2\/tags?post=31832"}],"curies":[{"name":"wp","href":"https:\/\/api.w.org\/{rel}","templated":true}]}}