{"id":3183,"date":"2014-01-23T09:50:15","date_gmt":"2014-01-23T11:50:15","guid":{"rendered":"http:\/\/www.sincomam.org.br\/?p=3183"},"modified":"2014-01-23T13:55:28","modified_gmt":"2014-01-23T15:55:28","slug":"especialistas-negam-que-a-dragagem-do-saco-da-fazenda-possa-impactar-no-surgimento-de-microorganismos-na-praia-de-balneario-camboriu","status":"publish","type":"post","link":"https:\/\/www.sincomam.org.br\/index.php\/especialistas-negam-que-a-dragagem-do-saco-da-fazenda-possa-impactar-no-surgimento-de-microorganismos-na-praia-de-balneario-camboriu\/","title":{"rendered":"Especialistas negam que a dragagem do \u201cSaco da Fazenda\u201d possa impactar no surgimento de microorganismos na praia de Balne\u00e1rio Cambori\u00fa"},"content":{"rendered":"<p><em><strong>Empresa de \u00c1gua e Saneamento tamb\u00e9m nega problema<\/strong><\/em><\/p>\n<p>A Superintend\u00eancia do Porto de Itaja\u00ed desmente a afirma\u00e7\u00e3o de que os servi\u00e7os de dragagem do Saco da Fazenda possam estar impactando no surgimento de microorganismos na praia de Balne\u00e1rio Cambori\u00fa, conforme divulgou a Assessoria de Comunica\u00e7\u00e3o da Empresa de \u00c1gua e Saneamento (Emasa). O ocean\u00f3grafo e professor Fernando Diehl, considerado uma das maiores autoridades no assunto \u2013 inclusive com trabalhos sobre o tema publicados no Brasil e exterior \u2013 descarta qualquer possibilidade de que o surgimento dos \u201cbriozo\u00e1rios\u201d na Praia Central de Balne\u00e1rio Cambori\u00fa possa estar ligado ao bota-fora utilizado para a dragagem, que vem sendo realizada pelo Porto de Itaja\u00ed. Para o especialista, a afirma\u00e7\u00e3o \u00e9 totalmente infundada.<\/p>\n<p>Na realidade, segundo Fernando Diehl, o surgimento (arribamento) dos briozo\u00e1rios das esp\u00e9cies <i>Membraniporopsis tubigera e Arbocuspis bellula (=Electra bellula)<\/i> teve in\u00edcio entre os anos de 2004\/2005, ap\u00f3s a conclus\u00e3o das obras de dragagem de aprofundamento da regi\u00e3o da desembocadura do rio Cambori\u00fa, cujo material foi despejado na Barra Sul de Balne\u00e1rio, com o objetivo de engordamento. Diehl destaca ainda que v\u00e1rios estudos j\u00e1 foram desenvolvidos sobre este evento natural, por v\u00e1rios pesquisadores, e n\u00e3o conseguiram definir as raz\u00f5es que justifiquem o surgimento destes organismos, que vem trazendo grandes transtornos \u00e0 administra\u00e7\u00e3o de Balne\u00e1rio Cambori\u00fa fazem v\u00e1rios anos, assim como tamb\u00e9m, aos veranistas.<\/p>\n<p>Na realidade, afirma Diehl, tais eventos, de arribamento destas duas esp\u00e9cies, j\u00e1 vem sendo monitorados por v\u00e1rios especialistas desde o ano de 2005, sendo que o primeiro trabalho publicado sobre este evento data do ano de 2006, com Diehl e colaboradores, que fizeram a primeira comunica\u00e7\u00e3o no Congresso Internacional de Ci\u00eancias do Mar \u2013 MarCuba\u20192006, na cidade de Havana, em Cuba.<\/p>\n<p>Logo depois, em 2007, segundo o pesquisador, na d\u00e9cima segunda edi\u00e7\u00e3o do Congresso Latino-Americano de Ci\u00eancias do Mar \u2013 Colacmar, realizado na cidade de Florian\u00f3polis, Diehl juntamente com a especialista Lais Vieira Carvalho, publicaram o trabalho que reconhece oficialmente a esp\u00e9cie ent\u00e3o ocorrente em Balne\u00e1rio Cambori\u00fa no trabalho \u201cPRIMEIRO REGISTRO DO BRIOZO\u00c1RIO Membraniporopsis tubigera (OSBURN, 1940) (CHEILOSTOMATIDA) EM BALNE\u00c1RIO CAMBORI\u00da, SANTA CATARINA, BRASIL\u201d.<\/p>\n<p>J\u00e1 o diretor t\u00e9cnico do Porto de Itaja\u00ed, engenheiro Andr\u00e9 Pimentel, explica que as \u00e1reas de despejo atualmente adotadas para deposi\u00e7\u00e3o de material oriundos de dragagem do Porto de Itaja\u00ed foram licenciadas pelo \u00d3rg\u00e3o Ambiental FATMA e Marinha do Brasil. \u201cLocalizam-se em frente a praia de Navegantes e Praia Brava, portanto, distantes da praia de Balne\u00e1rio Cambori\u00fa, o que descarta qualquer ,liga\u00e7\u00e3o com o fato mencionado pela Emasa\u201d.<\/p>\n<p>Segundo Pimentel, se faz necess\u00e1rio ainda afirmar que, \u201cquanto a dist\u00e2ncia inadequada, temos a relatar que ocorre justamente o contr\u00e1rio: \u00e9 um princ\u00edpio b\u00e1sico dos processos hidrodin\u00e2micos observados na regi\u00e3o. Os estudos de modelagens num\u00e9ricas realizados, que tiveram o objetivo de caracterizar as correntes marinhas da regi\u00e3o assim como o transporte dos sedimentos despejados, e que antecederam as obras de dragagem, mostraram que a tend\u00eancia de circula\u00e7\u00e3o nesta regi\u00e3o \u00e9 de que o material despejado que n\u00e3o \u00e9 precipitado para fundo, pela for\u00e7a da gravidade, tende a transportar o material em suspens\u00e3o para nordeste, n\u00e3o atingindo o litoral. S\u00e3o dirigidas em dire\u00e7\u00e3o de off shore (mar aberto).\u201d<\/p>\n<p>O diretor t\u00e9cnico ainda afirma que s\u00e3o realizados constantes estudos de monitoramento do material dragado e levantamento batim\u00e9trico nas \u00e1reas de despejo, cujos resultados descartam qualquer possibilidade\u201d, diz Pimentel.<\/p>\n<p>Fonte: Guia Mar\u00edtimo<\/p>\n","protected":false},"excerpt":{"rendered":"<p>Empresa de \u00c1gua e Saneamento tamb\u00e9m nega problema A Superintend\u00eancia do Porto de Itaja\u00ed desmente a afirma\u00e7\u00e3o de que os servi\u00e7os de dragagem do Saco&#8230;<\/p>\n","protected":false},"author":1182,"featured_media":0,"comment_status":"closed","ping_status":"closed","sticky":false,"template":"","format":"standard","meta":{"footnotes":""},"categories":[6],"tags":[],"class_list":["post-3183","post","type-post","status-publish","format-standard","hentry","category-noticias"],"_links":{"self":[{"href":"https:\/\/www.sincomam.org.br\/index.php\/wp-json\/wp\/v2\/posts\/3183","targetHints":{"allow":["GET"]}}],"collection":[{"href":"https:\/\/www.sincomam.org.br\/index.php\/wp-json\/wp\/v2\/posts"}],"about":[{"href":"https:\/\/www.sincomam.org.br\/index.php\/wp-json\/wp\/v2\/types\/post"}],"author":[{"embeddable":true,"href":"https:\/\/www.sincomam.org.br\/index.php\/wp-json\/wp\/v2\/users\/1182"}],"replies":[{"embeddable":true,"href":"https:\/\/www.sincomam.org.br\/index.php\/wp-json\/wp\/v2\/comments?post=3183"}],"version-history":[{"count":1,"href":"https:\/\/www.sincomam.org.br\/index.php\/wp-json\/wp\/v2\/posts\/3183\/revisions"}],"predecessor-version":[{"id":3184,"href":"https:\/\/www.sincomam.org.br\/index.php\/wp-json\/wp\/v2\/posts\/3183\/revisions\/3184"}],"wp:attachment":[{"href":"https:\/\/www.sincomam.org.br\/index.php\/wp-json\/wp\/v2\/media?parent=3183"}],"wp:term":[{"taxonomy":"category","embeddable":true,"href":"https:\/\/www.sincomam.org.br\/index.php\/wp-json\/wp\/v2\/categories?post=3183"},{"taxonomy":"post_tag","embeddable":true,"href":"https:\/\/www.sincomam.org.br\/index.php\/wp-json\/wp\/v2\/tags?post=3183"}],"curies":[{"name":"wp","href":"https:\/\/api.w.org\/{rel}","templated":true}]}}