{"id":31821,"date":"2020-09-30T10:19:10","date_gmt":"2020-09-30T13:19:10","guid":{"rendered":"http:\/\/www.sincomam.org.br\/?p=31821"},"modified":"2020-09-30T10:19:10","modified_gmt":"2020-09-30T13:19:10","slug":"acidente-com-aviao-militar-deixa-ao-menos-25-mortos-na-ucrania","status":"publish","type":"post","link":"https:\/\/www.sincomam.org.br\/index.php\/acidente-com-aviao-militar-deixa-ao-menos-25-mortos-na-ucrania\/","title":{"rendered":"Acidente com avi\u00e3o militar deixa ao menos 25 mortos na Ucr\u00e2nia"},"content":{"rendered":"<p><strong><em>A aeronave AN-26 fazia um voo de treinamento quando caiu com tripulantes a bordo<\/em><\/strong><\/p>\n<p>Um avi\u00e3o militar caiu na \u00faltima sexta-feira (25) durante um voo de treinamento na Ucr\u00e2nia. Segundo a pol\u00edcia nacional, 25 pessoas morreram no local, duas est\u00e3o em estado grave. O avi\u00e3o caiu a 2km do aeroporto e se incendiou ap\u00f3s o acidente.<\/p>\n<p>De acordo com o jornal Kiyv Post, o acidente aconteceus em Kharkiv Oblast, no leste da Ucr\u00e2nia, perto da cidade de Chuguyev. A aeronave levava cadetes da Universidade de Avia\u00e7\u00e3o de Kharkiv das For\u00e7as Armadas da Ucr\u00e2nia, informou o quartel-general do ex\u00e9rcito pouco depois do acidente.<\/p>\n<p>O avi\u00e3o caiu durante o pouso por volta das 21h e pegou fogo. Uma hora depois o fogo foi apagado. A pol\u00edcia informou que dois passageiros est\u00e3o vivos, mas gravemente feridos. No total, 27 pessoas estavam na aeronave.<\/p>\n<p>Chuguyev tem um campo de avia\u00e7\u00e3o que \u00e9 usado para voos de treinamento, inclusive para militares e estudantes da vizinha Universidade de Avia\u00e7\u00e3o de Kharkiv.<\/p>\n<p><strong>Brasil<\/strong><\/p>\n<p>Em nota de pesar, o Minist\u00e9rio da Defesa do Brasil disse que lamenta o acidente ocorrido com a aeronave militar AN-26 da For\u00e7a A\u00e9rea Ucraniana que vitimou tripulantes e jovens cadetes. \u201cComo ministro da Defesa do Brasil, presto as minhas condol\u00eancias ao povo da Ucr\u00e2nia pela lastimada perda e, em especial, aos familiares e amigos das v\u00edtimas\u201d, comentou o Ministro de Estado da Defesa, Fernando Azevedo.<\/p>\n<p>Foto: Divulga\u00e7\u00e3o\/Wikimedia commons<\/p>\n<p>*Com informa\u00e7\u00f5es R7 e Minist\u00e9rio da Defesa<\/p>\n","protected":false},"excerpt":{"rendered":"<p>A aeronave AN-26 fazia um voo de treinamento quando caiu com tripulantes a bordo Um avi\u00e3o militar caiu na \u00faltima sexta-feira (25) durante um voo&#8230;<\/p>\n","protected":false},"author":1182,"featured_media":31822,"comment_status":"closed","ping_status":"closed","sticky":false,"template":"","format":"standard","meta":{"footnotes":""},"categories":[6],"tags":[114,3900,688,61,3899,3683,623,1051,2808,1413],"class_list":["post-31821","post","type-post","status-publish","format-standard","has-post-thumbnail","hentry","category-noticias","tag-acidente","tag-an-26","tag-aviao","tag-brasil","tag-cadete","tag-ministerio-da-defesa","tag-mortos","tag-queda","tag-tripulacao","tag-ucrania"],"_links":{"self":[{"href":"https:\/\/www.sincomam.org.br\/index.php\/wp-json\/wp\/v2\/posts\/31821","targetHints":{"allow":["GET"]}}],"collection":[{"href":"https:\/\/www.sincomam.org.br\/index.php\/wp-json\/wp\/v2\/posts"}],"about":[{"href":"https:\/\/www.sincomam.org.br\/index.php\/wp-json\/wp\/v2\/types\/post"}],"author":[{"embeddable":true,"href":"https:\/\/www.sincomam.org.br\/index.php\/wp-json\/wp\/v2\/users\/1182"}],"replies":[{"embeddable":true,"href":"https:\/\/www.sincomam.org.br\/index.php\/wp-json\/wp\/v2\/comments?post=31821"}],"version-history":[{"count":1,"href":"https:\/\/www.sincomam.org.br\/index.php\/wp-json\/wp\/v2\/posts\/31821\/revisions"}],"predecessor-version":[{"id":31823,"href":"https:\/\/www.sincomam.org.br\/index.php\/wp-json\/wp\/v2\/posts\/31821\/revisions\/31823"}],"wp:featuredmedia":[{"embeddable":true,"href":"https:\/\/www.sincomam.org.br\/index.php\/wp-json\/wp\/v2\/media\/31822"}],"wp:attachment":[{"href":"https:\/\/www.sincomam.org.br\/index.php\/wp-json\/wp\/v2\/media?parent=31821"}],"wp:term":[{"taxonomy":"category","embeddable":true,"href":"https:\/\/www.sincomam.org.br\/index.php\/wp-json\/wp\/v2\/categories?post=31821"},{"taxonomy":"post_tag","embeddable":true,"href":"https:\/\/www.sincomam.org.br\/index.php\/wp-json\/wp\/v2\/tags?post=31821"}],"curies":[{"name":"wp","href":"https:\/\/api.w.org\/{rel}","templated":true}]}}