{"id":31810,"date":"2020-09-30T08:42:09","date_gmt":"2020-09-30T11:42:09","guid":{"rendered":"http:\/\/www.sincomam.org.br\/?p=31810"},"modified":"2020-09-30T08:42:09","modified_gmt":"2020-09-30T11:42:09","slug":"caixa-inicia-pagamento-do-auxilio-emergencial-extensao","status":"publish","type":"post","link":"https:\/\/www.sincomam.org.br\/index.php\/caixa-inicia-pagamento-do-auxilio-emergencial-extensao\/","title":{"rendered":"Caixa inicia pagamento do aux\u00edlio emergencial extens\u00e3o"},"content":{"rendered":"<p><strong><em>Parcelas de R$ 300 come\u00e7am a ser pagas a 27 milh\u00f5es de pessoas<\/em><\/strong><\/p>\n<p>A Caixa Econ\u00f4mica Federal come\u00e7a a pagar a partir de hoje (30) o aux\u00edlio emergencial extens\u00e3o (AEE), no valor de R$ 300 (ou R$ 600 para m\u00e3es de fam\u00edlia monoparentais). As informa\u00e7\u00f5es sobre o calend\u00e1rio de pagamentos foram detalhadas pela Caixa em entrevista coletiva.<\/p>\n<p>Ao todo, cerca de 3,6 milh\u00f5es de benefici\u00e1rios nascidos em janeiro ter\u00e3o o benef\u00edcio creditado hoje na poupan\u00e7a digital da institui\u00e7\u00e3o, acessada pelo aplicativo Caixa TEM.<\/p>\n<p>Desse total, 1,4 milh\u00e3o s\u00e3o de pessoas que ainda est\u00e3o recebendo uma das cinco parcelas do aux\u00edlio de R$ 600, enquanto 2,2 milh\u00f5es j\u00e1 fazem parte do grupo do aux\u00edlio residual de R$ 300. Ao todo, de outubro a dezembro, cerca de 27 milh\u00f5es de benefici\u00e1rios que se cadastraram por meios digitais ou que integram o Cadastro \u00danico de Programas Sociais (Cad\u00danico) v\u00e3o receber o benef\u00edcio residual de R$ 300.<\/p>\n<p>O benefici\u00e1rio do aux\u00edlio emergencial que pertence ao Bolsa Fam\u00edlia, com final de NIS 0, tamb\u00e9m recebe a nova parcela nesta quarta-feira. Os demais integrantes do programa j\u00e1 receberam o pagamento da primeira parcela de R$ 300 nas \u00faltimas semanas e seguir\u00e3o recebendo as novas parcelas no calend\u00e1rio habitual.<\/p>\n<p>At\u00e9 agora, j\u00e1 foram pagos R$ 213,8 bilh\u00f5es do aux\u00edlio emergencial para 67,2 milh\u00f5es de brasileiros desde abril, quando o programa foi institu\u00eddo. Esse n\u00famero vai aumentar um pouco mais porque o governo tamb\u00e9m confirmou que 492 mil inscritos no programa tiveram o cadastro reavaliado e validado pelo Minist\u00e9rio da Cidadania. Com isso, o total de benefici\u00e1rios do programa ser\u00e1 de 67,7 milh\u00f5es. Mais de 200 mil cadastros seguem em reavalia\u00e7\u00e3o e tamb\u00e9m poder\u00e3o ser aprovados e inclu\u00eddos posteriormente no calend\u00e1rio de pagamentos.<\/p>\n<p>Veja o calend\u00e1rio completo, de acordo com o m\u00eas de nascimento, na tabela a seguir. As parcelas seguintes ser\u00e3o pagas tamb\u00e9m conforme calend\u00e1rio espec\u00edfico, j\u00e1 informado pela Caixa.<\/p>\n<p><strong>Calend\u00e1rio de pagamentos &#8211; ciclo 3<\/strong><\/p>\n<p><strong>Data\u00a0\u00a0 n\u00famero de beneficiados \u00a0\u00a0\u00a0\u00a0\u00a0 \u00a0\u00a0\u00a0\u00a0m\u00eas de nascimento<\/strong><\/p>\n<p>30 de setembro (quarta-feira)\u00a0 \u00a0 \u00a0 \u00a0 \u00a0 \u00a0 \u00a0 \u00a0 \u00a0 \u00a0 \u00a0 3,6 milh\u00f5es\u00a0\u00a0\u00a0\u00a0\u00a0\u00a0 janeiro<\/p>\n<p>05 de outubro (segunda-feira)\u00a0 \u00a0 \u00a0 \u00a0 \u00a0 \u00a0 \u00a0 \u00a0 \u00a0 \u00a0 \u00a03,3 milh\u00f5es\u00a0\u00a0\u00a0\u00a0\u00a0 fevereiro<\/p>\n<p>07 de outubro (quarta-feira)\u00a0 \u00a0 \u00a0 \u00a0 \u00a0 \u00a0 \u00a0 \u00a0 \u00a0 \u00a0 \u00a0 \u00a0 3,8 milh\u00f5es\u00a0\u00a0\u00a0\u00a0\u00a0\u00a0 mar\u00e7o<\/p>\n<p>09 de outubro (sexta-feira)\u00a0 \u00a0 \u00a0 \u00a0 \u00a0 \u00a0 \u00a0 \u00a0 \u00a0 \u00a0 \u00a0 \u00a0 \u00a0 3,6 milh\u00f5es\u00a0\u00a0\u00a0\u00a0\u00a0\u00a0 abril<\/p>\n<p>11 de outubro (domingo)\u00a0 \u00a0 \u00a0 \u00a0 \u00a0 \u00a0 \u00a0 \u00a0 \u00a0 \u00a0 \u00a0 \u00a0 \u00a0 \u00a0 \u00a0 3,8 milh\u00f5es\u00a0\u00a0\u00a0\u00a0\u00a0\u00a0 maio<\/p>\n<p>14 de outubro (quarta-feira)\u00a0 \u00a0 \u00a0 \u00a0 \u00a0 \u00a0 \u00a0 \u00a0 \u00a0 \u00a0 \u00a0 \u00a0 3,6 milh\u00f5es\u00a0\u00a0\u00a0\u00a0\u00a0\u00a0 junho<\/p>\n<p>16 de outubro (sexta-feira)\u00a0 \u00a0 \u00a0 \u00a0 \u00a0 \u00a0 \u00a0 \u00a0 \u00a0 \u00a0 \u00a0 \u00a0 \u00a0 3,6 milh\u00f5es\u00a0\u00a0\u00a0\u00a0\u00a0\u00a0 julho<\/p>\n<p>21 de outubro (quarta-feira)\u00a0 \u00a0 \u00a0 \u00a0 \u00a0 \u00a0 \u00a0 \u00a0 \u00a0 \u00a0 \u00a0 \u00a03,6 milh\u00f5es\u00a0\u00a0\u00a0\u00a0\u00a0\u00a0 agosto<\/p>\n<p>25 de outubro (domingo)\u00a0 \u00a0 \u00a0 \u00a0 \u00a0 \u00a0 \u00a0 \u00a0 \u00a0 \u00a0 \u00a0 \u00a0 \u00a0 \u00a0 3,7 milh\u00f5es\u00a0\u00a0\u00a0\u00a0\u00a0\u00a0 setembro<\/p>\n<p>28 de outubro (quarta-feira)\u00a0 \u00a0 \u00a0 \u00a0 \u00a0 \u00a0 \u00a0 \u00a0 \u00a0 \u00a0 \u00a0 3,6 milh\u00f5es\u00a0\u00a0\u00a0\u00a0\u00a0\u00a0 outubro<\/p>\n<p>29 de outubro (quinta-feira)\u00a0 \u00a0 \u00a0 \u00a0 \u00a0 \u00a0 \u00a0 \u00a0 \u00a0 \u00a0 \u00a0 \u00a03,5 milh\u00f5es\u00a0\u00a0\u00a0\u00a0\u00a0\u00a0 novembro<\/p>\n<p>01 de novembro (domingo)\u00a0 \u00a0 \u00a0 \u00a0 \u00a0 \u00a0 \u00a0 \u00a0 \u00a0 \u00a0 \u00a0 \u00a0 3,5 milh\u00f5es\u00a0\u00a0\u00a0\u00a0\u00a0\u00a0 dezembro<\/p>\n<p><strong>Regras<\/strong><\/p>\n<p>A extens\u00e3o do aux\u00edlio emergencial come\u00e7a a ser paga assim que a pessoa tiver recebido a quinta parcela do benef\u00edcio original, seguindo o cronograma de dep\u00f3sitos e com a data limite de 31 de dezembro. Assim, quem se cadastrou pelo aplicativo ou site do banco e come\u00e7ou a receber o benef\u00edcio em abril, receber\u00e1 as nove parcelas, assim como todos os integrantes do Bolsa Fam\u00edlia cujo valor do aux\u00edlio emergencial \u00e9 maior que o recebido pelo programa de transfer\u00eancia de renda.<\/p>\n<p>&#8220;Quem recebeu a primeira parcela em abril, j\u00e1 recebeu cinco parcelas do aux\u00edlio emergencial e s\u00e3o esses que come\u00e7am a receber a extens\u00e3o. Eles v\u00e3o receber quatro parcelas da extens\u00e3o do aux\u00edlio: setembro, outubro, novembro e dezembro. Quem recebeu em maio a primeira, s\u00f3 termina de receber a quinta parcela agora. Ent\u00e3o receber\u00e1 tr\u00eas parcelas da extens\u00e3o. Assim sucessivamente. Quem est\u00e1 no Bolsa Fam\u00edlia receber\u00e1 nove parcelas, porque segue o calend\u00e1rio habitual do programa&#8221;, ressaltou o presidente da Caixa, Pedro Guimar\u00e3es, em entrevista.<\/p>\n<p>Fonte: Ag\u00eancia Brasil<\/p>\n","protected":false},"excerpt":{"rendered":"<p>Parcelas de R$ 300 come\u00e7am a ser pagas a 27 milh\u00f5es de pessoas A Caixa Econ\u00f4mica Federal come\u00e7a a pagar a partir de hoje (30)&#8230;<\/p>\n","protected":false},"author":1182,"featured_media":29823,"comment_status":"closed","ping_status":"closed","sticky":false,"template":"","format":"standard","meta":{"footnotes":""},"categories":[6],"tags":[1757,2377,390,432,204],"class_list":["post-31810","post","type-post","status-publish","format-standard","has-post-thumbnail","hentry","category-noticias","tag-auxilio","tag-beneficio","tag-caixa","tag-emergencial","tag-pagamento"],"_links":{"self":[{"href":"https:\/\/www.sincomam.org.br\/index.php\/wp-json\/wp\/v2\/posts\/31810","targetHints":{"allow":["GET"]}}],"collection":[{"href":"https:\/\/www.sincomam.org.br\/index.php\/wp-json\/wp\/v2\/posts"}],"about":[{"href":"https:\/\/www.sincomam.org.br\/index.php\/wp-json\/wp\/v2\/types\/post"}],"author":[{"embeddable":true,"href":"https:\/\/www.sincomam.org.br\/index.php\/wp-json\/wp\/v2\/users\/1182"}],"replies":[{"embeddable":true,"href":"https:\/\/www.sincomam.org.br\/index.php\/wp-json\/wp\/v2\/comments?post=31810"}],"version-history":[{"count":1,"href":"https:\/\/www.sincomam.org.br\/index.php\/wp-json\/wp\/v2\/posts\/31810\/revisions"}],"predecessor-version":[{"id":31811,"href":"https:\/\/www.sincomam.org.br\/index.php\/wp-json\/wp\/v2\/posts\/31810\/revisions\/31811"}],"wp:featuredmedia":[{"embeddable":true,"href":"https:\/\/www.sincomam.org.br\/index.php\/wp-json\/wp\/v2\/media\/29823"}],"wp:attachment":[{"href":"https:\/\/www.sincomam.org.br\/index.php\/wp-json\/wp\/v2\/media?parent=31810"}],"wp:term":[{"taxonomy":"category","embeddable":true,"href":"https:\/\/www.sincomam.org.br\/index.php\/wp-json\/wp\/v2\/categories?post=31810"},{"taxonomy":"post_tag","embeddable":true,"href":"https:\/\/www.sincomam.org.br\/index.php\/wp-json\/wp\/v2\/tags?post=31810"}],"curies":[{"name":"wp","href":"https:\/\/api.w.org\/{rel}","templated":true}]}}