{"id":31800,"date":"2020-09-29T11:30:25","date_gmt":"2020-09-29T14:30:25","guid":{"rendered":"http:\/\/www.sincomam.org.br\/?p=31800"},"modified":"2020-09-29T11:30:25","modified_gmt":"2020-09-29T14:30:25","slug":"evento-de-condecoracoes-e-realizado-no-navio-escola-brasil-em-recife-pe","status":"publish","type":"post","link":"https:\/\/www.sincomam.org.br\/index.php\/evento-de-condecoracoes-e-realizado-no-navio-escola-brasil-em-recife-pe\/","title":{"rendered":"Evento de condecora\u00e7\u00f5es \u00e9 realizado no Navio-Escola \u201cBrasil\u201d, em Recife (PE)"},"content":{"rendered":"<p><strong><em>Cerim\u00f4nia contou com a presen\u00e7a do Comandante do 3\u00ba Distrito Naval, Vice-Almirante Alan Guimar\u00e3es Azevedo, e do Contra-Almirante (Ref) Carlos Afonso Fernandes Testoni<\/em><\/strong><\/p>\n<p>A Marinha do Brasil informa que o Comando do 3\u00ba Distrito Naval (Com3\u00baDN) realizou a cerim\u00f4nia de imposi\u00e7\u00e3o da Ordem do M\u00e9rito Naval e da Medalha M\u00e9rito Tamandar\u00e9 a bordo do Navio-Escola \u201cBrasil\u201d, atracado ao Porto de Recife (PE).<\/p>\n<p>Na ocasi\u00e3o, foram agraciados com a Ordem do M\u00e9rito Naval Romero Neves Silveira Souza, Ant\u00f4nio Ver\u00edssimo da Luz e Maria In\u00eas Pessoa dos Santos, Presidente, Vice-presidente e integrante da Sociedade dos Amigos da Marinha de Pernambuco (Soamar-PE), respectivamente; enquanto que o Procurador da Fazenda Nacional e membro da Soamar-PE, Jos\u00e9 Edmundo Barros de Lacerda, recebeu a Medalha M\u00e9rito Tamandar\u00e9. Os agraciados tamb\u00e9m participaram de um Cerimonial \u00e0 Bandeira no p\u00f4r do sol, com canto do Hino Nacional.<\/p>\n<p>Segundo a Marinha, os eventos \u201ccumpriram os protocolos sanit\u00e1rios em vigor, como uso obrigat\u00f3rio de m\u00e1scaras e ado\u00e7\u00e3o de distanciamento social\u201d.<\/p>\n<p>*Com informa\u00e7\u00f5es da MB<\/p>\n","protected":false},"excerpt":{"rendered":"<p>Cerim\u00f4nia contou com a presen\u00e7a do Comandante do 3\u00ba Distrito Naval, Vice-Almirante Alan Guimar\u00e3es Azevedo, e do Contra-Almirante (Ref) Carlos Afonso Fernandes Testoni A Marinha&#8230;<\/p>\n","protected":false},"author":1182,"featured_media":31801,"comment_status":"closed","ping_status":"closed","sticky":false,"template":"","format":"standard","meta":{"footnotes":""},"categories":[6],"tags":[3891,61,1444,15,1971,228],"class_list":["post-31800","post","type-post","status-publish","format-standard","has-post-thumbnail","hentry","category-noticias","tag-3o-distrito-naval","tag-brasil","tag-comando","tag-marinha","tag-navio-escola","tag-recife"],"_links":{"self":[{"href":"https:\/\/www.sincomam.org.br\/index.php\/wp-json\/wp\/v2\/posts\/31800","targetHints":{"allow":["GET"]}}],"collection":[{"href":"https:\/\/www.sincomam.org.br\/index.php\/wp-json\/wp\/v2\/posts"}],"about":[{"href":"https:\/\/www.sincomam.org.br\/index.php\/wp-json\/wp\/v2\/types\/post"}],"author":[{"embeddable":true,"href":"https:\/\/www.sincomam.org.br\/index.php\/wp-json\/wp\/v2\/users\/1182"}],"replies":[{"embeddable":true,"href":"https:\/\/www.sincomam.org.br\/index.php\/wp-json\/wp\/v2\/comments?post=31800"}],"version-history":[{"count":1,"href":"https:\/\/www.sincomam.org.br\/index.php\/wp-json\/wp\/v2\/posts\/31800\/revisions"}],"predecessor-version":[{"id":31802,"href":"https:\/\/www.sincomam.org.br\/index.php\/wp-json\/wp\/v2\/posts\/31800\/revisions\/31802"}],"wp:featuredmedia":[{"embeddable":true,"href":"https:\/\/www.sincomam.org.br\/index.php\/wp-json\/wp\/v2\/media\/31801"}],"wp:attachment":[{"href":"https:\/\/www.sincomam.org.br\/index.php\/wp-json\/wp\/v2\/media?parent=31800"}],"wp:term":[{"taxonomy":"category","embeddable":true,"href":"https:\/\/www.sincomam.org.br\/index.php\/wp-json\/wp\/v2\/categories?post=31800"},{"taxonomy":"post_tag","embeddable":true,"href":"https:\/\/www.sincomam.org.br\/index.php\/wp-json\/wp\/v2\/tags?post=31800"}],"curies":[{"name":"wp","href":"https:\/\/api.w.org\/{rel}","templated":true}]}}