{"id":31791,"date":"2020-09-29T10:18:40","date_gmt":"2020-09-29T13:18:40","guid":{"rendered":"http:\/\/www.sincomam.org.br\/?p=31791"},"modified":"2020-09-29T10:18:40","modified_gmt":"2020-09-29T13:18:40","slug":"inss-informa-que-69-dos-peritos-compareceram-ao-trabalho-nas-agencias","status":"publish","type":"post","link":"https:\/\/www.sincomam.org.br\/index.php\/inss-informa-que-69-dos-peritos-compareceram-ao-trabalho-nas-agencias\/","title":{"rendered":"INSS informa que 69% dos peritos compareceram ao trabalho nas ag\u00eancias"},"content":{"rendered":"<p><strong><em>Foram realizadas 5.716 per\u00edcias presenciais nesta segunda-feira (28)<\/em><\/strong><\/p>\n<p>A Secretaria Especial de Previd\u00eancia e Trabalho e o Instituto Nacional do Seguro Social (INSS) informaram que nesta segunda-feira (28), 633 peritos m\u00e9dicos federais compareceram aos seus postos de trabalho nas ag\u00eancias da Previd\u00eancia. O n\u00famero equivale a 69% dos 915 peritos fora dos grupos de risco para a covid-19 e aptos para trabalharem.<\/p>\n<p>Em rela\u00e7\u00e3o a sexta-feira (25), aumentou em 109 o n\u00famero de m\u00e9dicos que compareceram \u00e0s ag\u00eancias. At\u00e9 as 16h, 5.716 per\u00edcias presenciais foram realizadas, contra 4.724 registrados na sexta. Esses atendimentos ocorreram em 189 ag\u00eancias com per\u00edcia m\u00e9dica. Mais 282 peritos deveriam ter retornado nesta segunda-feira, mas n\u00e3o foram trabalhar.<\/p>\n<p>Na \u00faltima quinta-feira (24), o Tribunal Regional Federal da 1\u00aa Regi\u00e3o (TRF-1) acolheu pedido da Advocacia-Geral da Uni\u00e3o e cassou a liminar que suspendia o trabalho presencial nas ag\u00eancias que adotaram padr\u00f5es menos r\u00edgidos de preven\u00e7\u00e3o de cont\u00e1gio. O vice-presidente em exerc\u00edcio do tribunal, desembargador Francisco de Assis Betti, tamb\u00e9m determinou a volta do corte de ponto dos m\u00e9dicos faltosos.<\/p>\n<p>Ag\u00eancias do INSS foram reabertas para atendimento presencial no \u00faltimo dia 14, ap\u00f3s terem ficado fechadas por cerca de seis meses devido \u00e0 pandemia de covid-19. Entretanto, os m\u00e9dicos peritos decidiram n\u00e3o retomar as atividades por considerarem n\u00e3o haver seguran\u00e7a para evitar a dissemina\u00e7\u00e3o do novo coronav\u00edrus. Todas as per\u00edcias m\u00e9dicas agendadas foram suspensas at\u00e9 a adequa\u00e7\u00e3o das ag\u00eancias.<\/p>\n<p>Na semana retrasada, o INSS fez inspe\u00e7\u00f5es em ag\u00eancias de atendimento. O \u00f3rg\u00e3o concluiu que as salas de per\u00edcia liberadas para atendimento cumprem os protocolos sanit\u00e1rios estabelecidos pelo Minist\u00e9rio da Sa\u00fade, a fim de garantir a seguran\u00e7a de servidores e cidad\u00e3os com rela\u00e7\u00e3o \u00e0 pandemia de covid-19.<\/p>\n<p>Fonte: Ag\u00eancia Brasil<\/p>\n","protected":false},"excerpt":{"rendered":"<p>Foram realizadas 5.716 per\u00edcias presenciais nesta segunda-feira (28) A Secretaria Especial de Previd\u00eancia e Trabalho e o Instituto Nacional do Seguro Social (INSS) informaram que&#8230;<\/p>\n","protected":false},"author":1182,"featured_media":31792,"comment_status":"closed","ping_status":"closed","sticky":false,"template":"","format":"standard","meta":{"footnotes":""},"categories":[6],"tags":[1384,2752,2751,1839,3889,3890,3798,3424,554],"class_list":["post-31791","post","type-post","status-publish","format-standard","has-post-thumbnail","hentry","category-noticias","tag-agencia","tag-coronavirus","tag-covid-19","tag-inss","tag-medico","tag-perito","tag-presencial","tag-previdencia","tag-trabalho"],"_links":{"self":[{"href":"https:\/\/www.sincomam.org.br\/index.php\/wp-json\/wp\/v2\/posts\/31791","targetHints":{"allow":["GET"]}}],"collection":[{"href":"https:\/\/www.sincomam.org.br\/index.php\/wp-json\/wp\/v2\/posts"}],"about":[{"href":"https:\/\/www.sincomam.org.br\/index.php\/wp-json\/wp\/v2\/types\/post"}],"author":[{"embeddable":true,"href":"https:\/\/www.sincomam.org.br\/index.php\/wp-json\/wp\/v2\/users\/1182"}],"replies":[{"embeddable":true,"href":"https:\/\/www.sincomam.org.br\/index.php\/wp-json\/wp\/v2\/comments?post=31791"}],"version-history":[{"count":1,"href":"https:\/\/www.sincomam.org.br\/index.php\/wp-json\/wp\/v2\/posts\/31791\/revisions"}],"predecessor-version":[{"id":31793,"href":"https:\/\/www.sincomam.org.br\/index.php\/wp-json\/wp\/v2\/posts\/31791\/revisions\/31793"}],"wp:featuredmedia":[{"embeddable":true,"href":"https:\/\/www.sincomam.org.br\/index.php\/wp-json\/wp\/v2\/media\/31792"}],"wp:attachment":[{"href":"https:\/\/www.sincomam.org.br\/index.php\/wp-json\/wp\/v2\/media?parent=31791"}],"wp:term":[{"taxonomy":"category","embeddable":true,"href":"https:\/\/www.sincomam.org.br\/index.php\/wp-json\/wp\/v2\/categories?post=31791"},{"taxonomy":"post_tag","embeddable":true,"href":"https:\/\/www.sincomam.org.br\/index.php\/wp-json\/wp\/v2\/tags?post=31791"}],"curies":[{"name":"wp","href":"https:\/\/api.w.org\/{rel}","templated":true}]}}