{"id":31780,"date":"2020-09-28T11:57:38","date_gmt":"2020-09-28T14:57:38","guid":{"rendered":"http:\/\/www.sincomam.org.br\/?p=31780"},"modified":"2020-09-28T11:57:38","modified_gmt":"2020-09-28T14:57:38","slug":"pantanal-tem-maior-numero-mensal-de-focos-de-incendios-na-historia","status":"publish","type":"post","link":"https:\/\/www.sincomam.org.br\/index.php\/pantanal-tem-maior-numero-mensal-de-focos-de-incendios-na-historia\/","title":{"rendered":"Pantanal tem maior n\u00famero mensal de focos de inc\u00eandios na hist\u00f3ria"},"content":{"rendered":"<p><strong><em>Com 6.048 registros, n\u00famero de inc\u00eandios no bioma ultrapassou o recorde mensal anterior, que era de 5.993, de agosto de 2005, segundo dados s\u00e3o do Inpe<\/em><\/strong><\/p>\n<p>O Pantanal j\u00e1 registrou o n\u00famero mensal mais alto de focos de inc\u00eandio desde o in\u00edcio da s\u00e9rie hist\u00f3rica do Instituto Nacional de Pesquisas Espaciais (Inpe), em 1998: foram 6.048 pontos de queimadas registrados no bioma desde o dia 1\u00ba de setembro at\u00e9 a \u00faltima quarta-feira (23). O recorde mensal anterior era de agosto de 2005, quando houve 5.993 focos de inc\u00eandio no bioma.<\/p>\n<p>Em compara\u00e7\u00e3o a 2019, quando setembro teve 2.887 focos detectados em 30 dias, o mesmo m\u00eas de 2020 j\u00e1 apresenta uma alta de 109%. O n\u00famero de focos neste m\u00eas est\u00e1 211% acima da m\u00e9dia hist\u00f3rica do Inpe para setembro, que \u00e9 de 1.944 pontos de inc\u00eandio.<\/p>\n<p>Este m\u00eas j\u00e1 era o setembro com mais focos de inc\u00eandio no bioma. Em agosto, foi registrado o segundo maior n\u00famero de queimadas para o m\u00eas; julho tamb\u00e9m registrou um recorde mensal.<\/p>\n<p><em>&#8220;Setembro \u00e9 o m\u00eas mais cr\u00edtico \u2013 ent\u00e3o, no ritmo que os inc\u00eandios vinham no Pantanal, n\u00e3o \u00e9 de se estranhar que esse m\u00eas tenha batido recorde, ainda que faltem seis dias para o m\u00eas terminar&#8221;, avalia o engenheiro florestal Vin\u00edcius Freitas Silgueiro, coordenador de intelig\u00eancia territorial do Instituto Centro de Vida (ICV), que monitora o Pantanal em Mato Grosso.<\/em><\/p>\n<p>A regi\u00e3o enfrenta uma falta de chuvas hist\u00f3rica: \u00e9 o maior per\u00edodo de estiagem em 47 anos, de acordo com o diretor-executivo da SOS Pantanal Felipe Augusto Dias. Ele avalia que a chuva \u00e9 a \u00fanica perspectiva de melhora na situa\u00e7\u00e3o, e, apesar dos registros de chuvas nos \u00faltimos dias, elas n\u00e3o foram suficientes para apagar definitivamente os inc\u00eandios, segundo o diretor.<\/p>\n<p><strong>Recorde anual<\/strong><\/p>\n<p>Tr\u00eas meses antes de terminar, 2020 tamb\u00e9m j\u00e1 ultrapassou o recorde de queimadas em um ano para o Pantanal: foram 16.201 focos registrados desde janeiro at\u00e9 quarta-feira (23). Antes, o n\u00famero mais alto havia sido registrado em 2005, com 12.536 focos em todo o ano. A alta \u00e9 de cerca de 29%.<\/p>\n<p>O fogo j\u00e1 destruiu 85% do Parque Estadual Encontro das \u00c1guas, ref\u00fagio das on\u00e7as pintas-pintadas. Dados do Inpe tamb\u00e9m apontam que, at\u00e9 31 de agosto, havia uma perda de 12% do bioma neste ano \u2013 foram 18,6 km\u00b2. Esse levantamento \u00e9 divulgado mensalmente.<\/p>\n<p><strong>Amaz\u00f4nia<\/strong><\/p>\n<p>A Amaz\u00f4nia tamb\u00e9m j\u00e1 registrou mais focos de inc\u00eandio neste m\u00eas do que em todo o m\u00eas de setembro do ano passado. Em setembro de 2019, foram 19.925 focos de calor; neste ano, at\u00e9 quarta-feira (23), houve 28.279 focos, uma alta de cerca de 42%.<\/p>\n<p>H\u00e1, ainda, uma alta no total anual de focos de inc\u00eandio. De janeiro at\u00e9 30 de setembro de 2019, haviam sido registrados 66.749 pontos de fogo na floresta. Neste ano, de janeiro at\u00e9 o dia 23 deste m\u00eas, eram 72.292, aumento de 8,3%.<\/p>\n<p>Somando Amaz\u00f4nia e Pantanal, o Brasil perdeu 53.019 km\u00b2 de mata nativa devido \u00e0s queimadas at\u00e9 31 de agosto. O n\u00famero \u00e9 equivalente a 34 cidades de S\u00e3o Paulo, ou quase a soma das \u00e1reas dos estados de Sergipe e Alagoas.<\/p>\n<p>Fonte: G1 \/ Foto: divulga\u00e7\u00e3o Gov.Br<\/p>\n","protected":false},"excerpt":{"rendered":"<p>Com 6.048 registros, n\u00famero de inc\u00eandios no bioma ultrapassou o recorde mensal anterior, que era de 5.993, de agosto de 2005, segundo dados s\u00e3o do&#8230;<\/p>\n","protected":false},"author":1182,"featured_media":31044,"comment_status":"closed","ping_status":"closed","sticky":false,"template":"","format":"standard","meta":{"footnotes":""},"categories":[6],"tags":[2942,3883,61,3621,1449,115,3690,1976,3838,62],"class_list":["post-31780","post","type-post","status-publish","format-standard","has-post-thumbnail","hentry","category-noticias","tag-amazonia","tag-bioma","tag-brasil","tag-focos","tag-historia","tag-incendio","tag-inpe","tag-pantanal","tag-queimadas","tag-recorde"],"_links":{"self":[{"href":"https:\/\/www.sincomam.org.br\/index.php\/wp-json\/wp\/v2\/posts\/31780","targetHints":{"allow":["GET"]}}],"collection":[{"href":"https:\/\/www.sincomam.org.br\/index.php\/wp-json\/wp\/v2\/posts"}],"about":[{"href":"https:\/\/www.sincomam.org.br\/index.php\/wp-json\/wp\/v2\/types\/post"}],"author":[{"embeddable":true,"href":"https:\/\/www.sincomam.org.br\/index.php\/wp-json\/wp\/v2\/users\/1182"}],"replies":[{"embeddable":true,"href":"https:\/\/www.sincomam.org.br\/index.php\/wp-json\/wp\/v2\/comments?post=31780"}],"version-history":[{"count":1,"href":"https:\/\/www.sincomam.org.br\/index.php\/wp-json\/wp\/v2\/posts\/31780\/revisions"}],"predecessor-version":[{"id":31781,"href":"https:\/\/www.sincomam.org.br\/index.php\/wp-json\/wp\/v2\/posts\/31780\/revisions\/31781"}],"wp:featuredmedia":[{"embeddable":true,"href":"https:\/\/www.sincomam.org.br\/index.php\/wp-json\/wp\/v2\/media\/31044"}],"wp:attachment":[{"href":"https:\/\/www.sincomam.org.br\/index.php\/wp-json\/wp\/v2\/media?parent=31780"}],"wp:term":[{"taxonomy":"category","embeddable":true,"href":"https:\/\/www.sincomam.org.br\/index.php\/wp-json\/wp\/v2\/categories?post=31780"},{"taxonomy":"post_tag","embeddable":true,"href":"https:\/\/www.sincomam.org.br\/index.php\/wp-json\/wp\/v2\/tags?post=31780"}],"curies":[{"name":"wp","href":"https:\/\/api.w.org\/{rel}","templated":true}]}}