{"id":31773,"date":"2020-09-28T10:55:03","date_gmt":"2020-09-28T13:55:03","guid":{"rendered":"http:\/\/www.sincomam.org.br\/?p=31773"},"modified":"2020-09-28T10:55:03","modified_gmt":"2020-09-28T13:55:03","slug":"brasil-tem-safra-recorde-de-graos-com-2578-milhoes-de-toneladas","status":"publish","type":"post","link":"https:\/\/www.sincomam.org.br\/index.php\/brasil-tem-safra-recorde-de-graos-com-2578-milhoes-de-toneladas\/","title":{"rendered":"Brasil tem safra recorde de gr\u00e3os com 257,8 milh\u00f5es de toneladas"},"content":{"rendered":"<p><strong><em>Volume \u00e9 4,5% ou 11 milh\u00f5es de toneladas superior ao da safra passada<\/em><\/strong><\/p>\n<p>A safra brasileira de gr\u00e3os do per\u00edodo 2019\/20 vai se encerrando com o registro hist\u00f3rico de 257,8 milh\u00f5es de toneladas, segundo levantamento divulgado pela Companhia Nacional de Abastecimento (Conab). Tendo \u00e0 frente a soja, o milho e o algod\u00e3o, esse volume \u00e9 4,5% ou 11 milh\u00f5es de toneladas superior ao da safra passada.<\/p>\n<p>O recorde se deve ao aumento de 4,2% na \u00e1rea plantada, aliado ao ganho de 0,3% na produtividade. Ainda faltam os resultados das culturas de inverno, principalmente o trigo, que passam por etapas que v\u00e3o da fase vegetativa \u00e0 finaliza\u00e7\u00e3o de colheita. Tamb\u00e9m contam para essa consolida\u00e7\u00e3o as culturas da regi\u00e3o de Sealba (Sergipe, Alagoas e nordeste da Bahia).<\/p>\n<p><strong>Soja<\/strong><\/p>\n<p>A soja, que coloca o Brasil no patamar de maior produtor mundial, garante um novo recorde com a produ\u00e7\u00e3o estimada em 124,8 milh\u00f5es de toneladas e ganho de 4,3% em rela\u00e7\u00e3o \u00e0 safra 2018\/19. Tamb\u00e9m o milho total caminha para situa\u00e7\u00e3o semelhante, chegando a mais de 102 milh\u00f5es de toneladas, dependendo ainda das lavouras cultivadas na regi\u00e3o de Sealba, al\u00e9m de Pernambuco e Roraima. A participa\u00e7\u00e3o desses estados \u00e9 de algo pr\u00f3ximo a 1,7% no consolidado nacional. A primeira safra j\u00e1 foi colhida e a segunda est\u00e1 em finaliza\u00e7\u00e3o.<\/p>\n<p><strong>Algod\u00e3o<\/strong><\/p>\n<p>Outro destaque \u00e9 o algod\u00e3o em pluma, que est\u00e1 para alcan\u00e7ar a marca recorde de 2,93 milh\u00f5es de toneladas, com crescimento de 4,2% acima do per\u00edodo anterior. O dado positivo se deve aos investimentos feitos nessas lavouras e ao clima.<\/p>\n<p><strong>Arroz<\/strong><\/p>\n<p>Para o arroz, fica o registro produtivo de 11,2 milh\u00f5es de toneladas e crescimento de 6,7% em rela\u00e7\u00e3o \u00e0 \u00faltima safra. Com colheita praticamente finalizada, 10,3 milh\u00f5es de toneladas est\u00e3o em \u00e1reas de cultivo irrigado e cerca de 900 mil toneladas em plantio de sequeiro.<\/p>\n<p><strong>Feij\u00e3o<\/strong><\/p>\n<p>No caso do feij\u00e3o, a estimativa de produ\u00e7\u00e3o total \u00e9 de 3,23 milh\u00f5es de toneladas, principalmente do feij\u00e3o-comum cores, com aumento de 6,4% ao obtido em 2018\/19. A primeira e a segunda safras j\u00e1 est\u00e3o encerradas.<\/p>\n<p><strong>Trigo<\/strong><\/p>\n<p>As culturas de inverno (aveia, canola, centeio, cevada trigo e triticale) devem alcan\u00e7ar crescimento de 11,6% na \u00e1rea de cultivo, com destaque para o trigo, que apresenta expans\u00e3o de 14,1%, situando-se em 2,33 milh\u00f5es de hectares e, produ\u00e7\u00e3o, dependendo do comportamento clim\u00e1tico, de 6,8 milh\u00f5es de toneladas.<\/p>\n<p>*Com informa\u00e7\u00f5es do Governo do Brasil\/<em><span class=\"discreet\"><a class=\"external-link\" title=\"\" href=\"http:\/\/www.conab.gov.br\/\" target=\"_blank\" rel=\"noopener noreferrer\" data-tippreview-enabled=\"false\" data-tippreview-image=\"\" data-tippreview-title=\"\">\u00a0Conab<\/a><\/span><\/em><\/p>\n","protected":false},"excerpt":{"rendered":"<p>Volume \u00e9 4,5% ou 11 milh\u00f5es de toneladas superior ao da safra passada A safra brasileira de gr\u00e3os do per\u00edodo 2019\/20 vai se encerrando com&#8230;<\/p>\n","protected":false},"author":1182,"featured_media":18822,"comment_status":"closed","ping_status":"closed","sticky":false,"template":"","format":"standard","meta":{"footnotes":""},"categories":[6],"tags":[61,161,3877,490,1450],"class_list":["post-31773","post","type-post","status-publish","format-standard","has-post-thumbnail","hentry","category-noticias","tag-brasil","tag-graos","tag-record","tag-safra","tag-toneladas"],"_links":{"self":[{"href":"https:\/\/www.sincomam.org.br\/index.php\/wp-json\/wp\/v2\/posts\/31773","targetHints":{"allow":["GET"]}}],"collection":[{"href":"https:\/\/www.sincomam.org.br\/index.php\/wp-json\/wp\/v2\/posts"}],"about":[{"href":"https:\/\/www.sincomam.org.br\/index.php\/wp-json\/wp\/v2\/types\/post"}],"author":[{"embeddable":true,"href":"https:\/\/www.sincomam.org.br\/index.php\/wp-json\/wp\/v2\/users\/1182"}],"replies":[{"embeddable":true,"href":"https:\/\/www.sincomam.org.br\/index.php\/wp-json\/wp\/v2\/comments?post=31773"}],"version-history":[{"count":1,"href":"https:\/\/www.sincomam.org.br\/index.php\/wp-json\/wp\/v2\/posts\/31773\/revisions"}],"predecessor-version":[{"id":31774,"href":"https:\/\/www.sincomam.org.br\/index.php\/wp-json\/wp\/v2\/posts\/31773\/revisions\/31774"}],"wp:featuredmedia":[{"embeddable":true,"href":"https:\/\/www.sincomam.org.br\/index.php\/wp-json\/wp\/v2\/media\/18822"}],"wp:attachment":[{"href":"https:\/\/www.sincomam.org.br\/index.php\/wp-json\/wp\/v2\/media?parent=31773"}],"wp:term":[{"taxonomy":"category","embeddable":true,"href":"https:\/\/www.sincomam.org.br\/index.php\/wp-json\/wp\/v2\/categories?post=31773"},{"taxonomy":"post_tag","embeddable":true,"href":"https:\/\/www.sincomam.org.br\/index.php\/wp-json\/wp\/v2\/tags?post=31773"}],"curies":[{"name":"wp","href":"https:\/\/api.w.org\/{rel}","templated":true}]}}