{"id":31753,"date":"2020-09-25T10:22:35","date_gmt":"2020-09-25T13:22:35","guid":{"rendered":"http:\/\/www.sincomam.org.br\/?p=31753"},"modified":"2020-09-25T10:22:35","modified_gmt":"2020-09-25T13:22:35","slug":"navio-escola-brasil-realiza-acao-de-presenca-no-arquipelago-de-fernando-de-noronha","status":"publish","type":"post","link":"https:\/\/www.sincomam.org.br\/index.php\/navio-escola-brasil-realiza-acao-de-presenca-no-arquipelago-de-fernando-de-noronha\/","title":{"rendered":"Navio-Escola \u201cBrasil\u201d realiza A\u00e7\u00e3o de Presen\u00e7a no Arquip\u00e9lago de Fernando de Noronha"},"content":{"rendered":"<p><strong><em>Militares formados na popa do Navio-Escola durante a \u201cXXXIV VIGM\u201d<\/em><\/strong><\/p>\n<p>A Marinha do Brasil informou que aconteceu a 34\u00aa Viagem de Instru\u00e7\u00e3o de Guardas-Marinha ( XXXIV VIGM), etapa final da forma\u00e7\u00e3o dos futuros Oficiais da Marinha. Na ocasi\u00e3o, o Navio-Escola \u201cBrasil\u201d realizou A\u00e7\u00e3o de Presen\u00e7a na Amaz\u00f4nia Azul, no Arquip\u00e9lago de Fernando de Noronha.<\/p>\n<p>A Viagem de Instru\u00e7\u00e3o tem o prop\u00f3sito de complementar a forma\u00e7\u00e3o dos futuros Oficiais da Marinha, com \u00eanfase nas atividades pr\u00e1ticas a bordo do navio.<\/p>\n<p>Durante a VIGM, s\u00e3o ministradas atividades pr\u00e1ticas de navega\u00e7\u00e3o, meteorologia, marinharia, opera\u00e7\u00f5es navais, controle de avarias e administra\u00e7\u00e3o naval, bem como conduzida a importante fase de adapta\u00e7\u00e3o \u00e0 vida de bordo.<\/p>\n<p>*Com informa\u00e7\u00f5es da Marinha do Brasil \/ Foto: divulga\u00e7\u00e3o MB<\/p>\n","protected":false},"excerpt":{"rendered":"<p>Militares formados na popa do Navio-Escola durante a \u201cXXXIV VIGM\u201d A Marinha do Brasil informou que aconteceu a 34\u00aa Viagem de Instru\u00e7\u00e3o de Guardas-Marinha (&#8230;<\/p>\n","protected":false},"author":1182,"featured_media":31754,"comment_status":"closed","ping_status":"closed","sticky":false,"template":"","format":"standard","meta":{"footnotes":""},"categories":[6],"tags":[3872,61,3873,692,1971,2773],"class_list":["post-31753","post","type-post","status-publish","format-standard","has-post-thumbnail","hentry","category-noticias","tag-arquipelago","tag-brasil","tag-fernando-de-noronha","tag-militares","tag-navio-escola","tag-viagem"],"_links":{"self":[{"href":"https:\/\/www.sincomam.org.br\/index.php\/wp-json\/wp\/v2\/posts\/31753","targetHints":{"allow":["GET"]}}],"collection":[{"href":"https:\/\/www.sincomam.org.br\/index.php\/wp-json\/wp\/v2\/posts"}],"about":[{"href":"https:\/\/www.sincomam.org.br\/index.php\/wp-json\/wp\/v2\/types\/post"}],"author":[{"embeddable":true,"href":"https:\/\/www.sincomam.org.br\/index.php\/wp-json\/wp\/v2\/users\/1182"}],"replies":[{"embeddable":true,"href":"https:\/\/www.sincomam.org.br\/index.php\/wp-json\/wp\/v2\/comments?post=31753"}],"version-history":[{"count":1,"href":"https:\/\/www.sincomam.org.br\/index.php\/wp-json\/wp\/v2\/posts\/31753\/revisions"}],"predecessor-version":[{"id":31755,"href":"https:\/\/www.sincomam.org.br\/index.php\/wp-json\/wp\/v2\/posts\/31753\/revisions\/31755"}],"wp:featuredmedia":[{"embeddable":true,"href":"https:\/\/www.sincomam.org.br\/index.php\/wp-json\/wp\/v2\/media\/31754"}],"wp:attachment":[{"href":"https:\/\/www.sincomam.org.br\/index.php\/wp-json\/wp\/v2\/media?parent=31753"}],"wp:term":[{"taxonomy":"category","embeddable":true,"href":"https:\/\/www.sincomam.org.br\/index.php\/wp-json\/wp\/v2\/categories?post=31753"},{"taxonomy":"post_tag","embeddable":true,"href":"https:\/\/www.sincomam.org.br\/index.php\/wp-json\/wp\/v2\/tags?post=31753"}],"curies":[{"name":"wp","href":"https:\/\/api.w.org\/{rel}","templated":true}]}}