{"id":31748,"date":"2020-09-25T10:01:40","date_gmt":"2020-09-25T13:01:40","guid":{"rendered":"http:\/\/www.sincomam.org.br\/?p=31748"},"modified":"2020-09-25T10:03:27","modified_gmt":"2020-09-25T13:03:27","slug":"marinha-participa-da-entrega-do-premio-almirante-alvaro-alberto-para-ciencia-e-tecnologia-edicao-2020","status":"publish","type":"post","link":"https:\/\/www.sincomam.org.br\/index.php\/marinha-participa-da-entrega-do-premio-almirante-alvaro-alberto-para-ciencia-e-tecnologia-edicao-2020\/","title":{"rendered":"Marinha participa da Entrega do Pr\u00eamio &#8220;Almirante \u00c1lvaro Alberto\u201d para Ci\u00eancia e Tecnologia Edi\u00e7\u00e3o 2020"},"content":{"rendered":"<p><strong><em>Sess\u00e3o solene foi realizada online no dia 23 de setembro<\/em><\/strong><\/p>\n<p>A Marinha do Brasil (MB) comunicou que foi realizada a cerim\u00f4nia anual de entrega do Pr\u00eamio &#8220;Almirante \u00c1lvaro Alberto\u201d, como parte da Sess\u00e3o Solene da Academia Brasileira de Ci\u00eancias. Pela primeira vez em formato virtual, em virtude das medidas restritivas de enfrentamento \u00e0 pandemia do novo coronav\u00edrus, a cerim\u00f4nia foi transmitida ao vivo pelas redes sociais, Facebook e YouTube, al\u00e9m dos perfis do Minist\u00e9rio da Ci\u00eancia, Tecnologia e Inova\u00e7\u00f5es (MCTI), da Academia Brasileira de Ci\u00eancias (ABC), Conselho Nacional de Desenvolvimento Cient\u00edfico e Tecnol\u00f3gico (CNPq) e da Marinha do Brasil.<\/p>\n<p>A cerim\u00f4nia foi presidida pelo Ministro da Ci\u00eancia, Tecnologia e Inova\u00e7\u00f5es (MCTI), Astronauta Marcos Pontes. O Comandante da Marinha, Almirante de Esquadra Ilques Barbosa Junior, acompanhado pelo Diretor-Geral de Desenvolvimento Nuclear e Tecnol\u00f3gico da Marinha, Almirante de Esquadra Marcos Sampaio Olsen, compuseram a \u201cmesa virtual\u201d, com os Titulares das Institui\u00e7\u00f5es Cient\u00edficas e Tecnol\u00f3gicas e de Inova\u00e7\u00e3o do Pa\u00eds, como o Presidente da ABC, Acad\u00eamico Luiz Davidovich, Presidente do CNPq, Professor Evaldo Ferreira Vilela, Presidente da Diretoria Executiva da Funda\u00e7\u00e3o Conrado Wessel (FCW), H\u00e9lio Levisky, Presidente da FINEP, General Waldemar Barroso Magno Neto, e Presidente da CAPES, Benedito Guimar\u00e3es Aguiar Neto.<\/p>\n<p><strong>\u00a0O Pr\u00eamio<\/strong><\/p>\n<p>A premia\u00e7\u00e3o foi institu\u00edda em 1981, tendo sido alterada em 1986, quando passou a ser denominada \u201cPr\u00eamio Almirante \u00c1lvaro Alberto para Ci\u00eancia e Tecnologia\u201d, consistindo na mais prestigiosa honraria em ci\u00eancia e tecnologia do Pa\u00eds. Concedido pelo CNPq, FCW e Marinha, a vencedora de 2020 na categoria de \u201cCi\u00eancias da Vida\u201d foi a Professora Dra. Helena Bonciani Nader. Doutora em Biologia Molecular, Prof. Titular na Unifesp desde 1989, membro da Academia de Ci\u00eancias de S\u00e3o Paulo (Aciesp) e Acad\u00eamica da ABC, seus trabalhos envolvem glicoqu\u00edmica e glicobiologia, estando voltados para o estudo da fun\u00e7\u00e3o desses compostos na hemostasia, no controle da divis\u00e3o celular e na transforma\u00e7\u00e3o celular.<\/p>\n<p>A Dra. Helena Nader tamb\u00e9m foi agraciada com o diploma e medalha do CNPq e MCTI; premia\u00e7\u00e3o em esp\u00e9cie concedida pela FCW; convite para conhecer o Programa Nuclear da Marinha, assim como para uma viagem ao Continente Ant\u00e1rtico, oferecidos pela Marinha. Durante a cerim\u00f4nia, foi exibido um filmete no qual a Dra. Helena Nader recebe o Farol, honraria tradicional da For\u00e7a, que foi entregue pelo Vice-Almirante Sergio Fernando de Amaral Chaves Junior, Comandante do 8\u00ba Distrito Naval, representando no ato o Comandante da Marinha, durante ato protocolar na Sede do 8\u00ba Distrito Naval em S\u00e3o Paulo.<\/p>\n<p>Como parte integrante do evento, tamb\u00e9m foram entregues os t\u00edtulos de Pesquisador Em\u00e9rito do CNPq e Men\u00e7\u00f5es Honrosas de Agradecimentos deste ano. Como de praxe, tamb\u00e9m foram empossados novos acad\u00eamicos para as fileiras da Academia Brasileira de Ci\u00eancias.<\/p>\n<p>A cerim\u00f4nia do Pr\u00eamio &#8220;Almirante \u00c1lvaro Alberto\u201d edi\u00e7\u00e3o 2020 contribuiu para o reconhecimento e est\u00edmulo a pesquisadores e cientistas brasileiros que prestam relevante contribui\u00e7\u00e3o \u00e0 ci\u00eancia e \u00e0 tecnologia, sobretudo para estreitar os la\u00e7os entre a Marinha e a Comunidade Cient\u00edfica, na busca de solu\u00e7\u00f5es para o avan\u00e7o e a obten\u00e7\u00e3o de tecnologias aut\u00f3ctones do Pa\u00eds.<\/p>\n<p>*Com informa\u00e7\u00f5es da MB \/ Foto: divulga\u00e7\u00e3o MB<\/p>\n","protected":false},"excerpt":{"rendered":"<p>Sess\u00e3o solene foi realizada online no dia 23 de setembro A Marinha do Brasil (MB) comunicou que foi realizada a cerim\u00f4nia anual de entrega do&#8230;<\/p>\n","protected":false},"author":1182,"featured_media":31750,"comment_status":"closed","ping_status":"closed","sticky":false,"template":"","format":"standard","meta":{"footnotes":""},"categories":[6],"tags":[3871,1013,1429],"class_list":["post-31748","post","type-post","status-publish","format-standard","has-post-thumbnail","hentry","category-noticias","tag-almirante-alvaro-alberto","tag-marinha-do-brasil","tag-premio"],"_links":{"self":[{"href":"https:\/\/www.sincomam.org.br\/index.php\/wp-json\/wp\/v2\/posts\/31748","targetHints":{"allow":["GET"]}}],"collection":[{"href":"https:\/\/www.sincomam.org.br\/index.php\/wp-json\/wp\/v2\/posts"}],"about":[{"href":"https:\/\/www.sincomam.org.br\/index.php\/wp-json\/wp\/v2\/types\/post"}],"author":[{"embeddable":true,"href":"https:\/\/www.sincomam.org.br\/index.php\/wp-json\/wp\/v2\/users\/1182"}],"replies":[{"embeddable":true,"href":"https:\/\/www.sincomam.org.br\/index.php\/wp-json\/wp\/v2\/comments?post=31748"}],"version-history":[{"count":3,"href":"https:\/\/www.sincomam.org.br\/index.php\/wp-json\/wp\/v2\/posts\/31748\/revisions"}],"predecessor-version":[{"id":31752,"href":"https:\/\/www.sincomam.org.br\/index.php\/wp-json\/wp\/v2\/posts\/31748\/revisions\/31752"}],"wp:featuredmedia":[{"embeddable":true,"href":"https:\/\/www.sincomam.org.br\/index.php\/wp-json\/wp\/v2\/media\/31750"}],"wp:attachment":[{"href":"https:\/\/www.sincomam.org.br\/index.php\/wp-json\/wp\/v2\/media?parent=31748"}],"wp:term":[{"taxonomy":"category","embeddable":true,"href":"https:\/\/www.sincomam.org.br\/index.php\/wp-json\/wp\/v2\/categories?post=31748"},{"taxonomy":"post_tag","embeddable":true,"href":"https:\/\/www.sincomam.org.br\/index.php\/wp-json\/wp\/v2\/tags?post=31748"}],"curies":[{"name":"wp","href":"https:\/\/api.w.org\/{rel}","templated":true}]}}