{"id":31745,"date":"2020-09-25T09:42:41","date_gmt":"2020-09-25T12:42:41","guid":{"rendered":"http:\/\/www.sincomam.org.br\/?p=31745"},"modified":"2020-09-25T09:42:41","modified_gmt":"2020-09-25T12:42:41","slug":"pedidos-de-seguro-desemprego-caem-93-na-primeira-metade-de-setembro","status":"publish","type":"post","link":"https:\/\/www.sincomam.org.br\/index.php\/pedidos-de-seguro-desemprego-caem-93-na-primeira-metade-de-setembro\/","title":{"rendered":"Pedidos de seguro-desemprego caem 9,3% na primeira metade de setembro"},"content":{"rendered":"<p><strong><em>No acumulado do ano, total de requerimentos sobe 6,7%<\/em><\/strong><\/p>\n<p>Depois de dispararem nos \u00faltimos meses por causa da pandemia do novo coronav\u00edrus, os pedidos de seguro-desemprego de trabalhadores com carteira assinada continuam a cair. Nos 15 primeiros dias do m\u00eas, o total de pedidos recuou 9,3% em rela\u00e7\u00e3o ao mesmo per\u00edodo do ano passado.<\/p>\n<p>Desde o in\u00edcio de junho, o indicador est\u00e1 em queda. Na primeira metade de setembro, 218.679 benef\u00edcios de seguro-desemprego foram requeridos, contra 241.102 pedidos registrados nos mesmos dias de 2019. Ao todo, 62,9% dos benef\u00edcios foram pedidos pela internet na primeira quinzena do m\u00eas, contra apenas 2,8% no mesmo per\u00edodo de 2019.<\/p>\n<p>O levantamento foi divulgado hoje (24) pela Secretaria de Trabalho do Minist\u00e9rio da Economia, e considera os atendimentos presenciais \u2013 nas unidades do Sistema Nacional de Emprego (Sine) e das Superintend\u00eancias Regionais do Trabalho \u2013 e os requerimentos virtuais.<\/p>\n<p><strong>Acumulado<\/strong><\/p>\n<p>Apesar da queda na primeira quinzena de setembro, os pedidos de seguro-desemprego continuam em alta no acumulado do ano, tendo somado 5.203.736, de 2 janeiro a 15 de setembro de 2020. O total representa aumento de 6,7% em rela\u00e7\u00e3o ao acumulado no mesmo per\u00edodo do ano passado, que foi de 4.876.556.<\/p>\n<p>No acumulado do ano, 55,9% dos requerimentos de seguro-desemprego (2.909.114) foram pedidos pela internet, pelo portal gov.br e pelo aplicativo da carteira de trabalho digital; 44,1% dos benef\u00edcios (2.294.622) foram pedidos presencialmente. No mesmo per\u00edodo do ano passado, 98,4% dos requerimentos (4.796.231) tinham sido feitos nos postos do Sine e nas superintend\u00eancias regionais e apenas 1,6% (80.325) tinha sido solicitado pela internet.<\/p>\n<p>Embora os requerimentos possam ser feitos de forma 100% digital e sem espera para a concess\u00e3o do benef\u00edcio, o Minist\u00e9rio da Economia informou que os dados indicam que muitos trabalhadores aguardaram a reabertura dos postos do Sine, administrados pelos estados e pelos munic\u00edpios, para darem entrada nos pedidos. O empregado demitido ou que pediu demiss\u00e3o tem at\u00e9 120 dias depois da baixa na carteira de trabalho para dar entrada no seguro-desemprego.<\/p>\n<p><strong>Perfil<\/strong><\/p>\n<p>Em rela\u00e7\u00e3o ao perfil dos requerentes do seguro-desemprego na primeira quinzena de setembro, a maioria \u00e9 do sexo masculino (59,9%). A faixa et\u00e1ria com maior n\u00famero de solicitantes est\u00e1 entre 30 e 39 anos (33,4%) e, quanto \u00e0 escolaridade, 59,4% t\u00eam ensino m\u00e9dio completo. Em rela\u00e7\u00e3o aos setores econ\u00f4micos, os servi\u00e7os representaram 43% dos requerimentos, seguido pelo com\u00e9rcio (26,3%), pela ind\u00fastria (14,9%) e pela constru\u00e7\u00e3o (9,6%).<\/p>\n<p>Os estados com o maior n\u00famero de pedidos foram S\u00e3o Paulo (65.358), Minas Gerais (24.129) e Rio de Janeiro (17.420) e os que tiveram maior propor\u00e7\u00e3o de requerimentos via web foram Acre (96,4%), Sergipe (87,1%) e Tocantins (85,7%).<\/p>\n<p>Fonte: Ag\u00eancia Brasil<\/p>\n","protected":false},"excerpt":{"rendered":"<p>No acumulado do ano, total de requerimentos sobe 6,7% Depois de dispararem nos \u00faltimos meses por causa da pandemia do novo coronav\u00edrus, os pedidos de&#8230;<\/p>\n","protected":false},"author":1182,"featured_media":31746,"comment_status":"closed","ping_status":"closed","sticky":false,"template":"","format":"standard","meta":{"footnotes":""},"categories":[6],"tags":[3535,131,2752,2751,68,449,3162,3870,554],"class_list":["post-31745","post","type-post","status-publish","format-standard","has-post-thumbnail","hentry","category-noticias","tag-carteira","tag-construcao","tag-coronavirus","tag-covid-19","tag-industria","tag-seguro-desemprego","tag-setembro","tag-sine","tag-trabalho"],"_links":{"self":[{"href":"https:\/\/www.sincomam.org.br\/index.php\/wp-json\/wp\/v2\/posts\/31745","targetHints":{"allow":["GET"]}}],"collection":[{"href":"https:\/\/www.sincomam.org.br\/index.php\/wp-json\/wp\/v2\/posts"}],"about":[{"href":"https:\/\/www.sincomam.org.br\/index.php\/wp-json\/wp\/v2\/types\/post"}],"author":[{"embeddable":true,"href":"https:\/\/www.sincomam.org.br\/index.php\/wp-json\/wp\/v2\/users\/1182"}],"replies":[{"embeddable":true,"href":"https:\/\/www.sincomam.org.br\/index.php\/wp-json\/wp\/v2\/comments?post=31745"}],"version-history":[{"count":1,"href":"https:\/\/www.sincomam.org.br\/index.php\/wp-json\/wp\/v2\/posts\/31745\/revisions"}],"predecessor-version":[{"id":31747,"href":"https:\/\/www.sincomam.org.br\/index.php\/wp-json\/wp\/v2\/posts\/31745\/revisions\/31747"}],"wp:featuredmedia":[{"embeddable":true,"href":"https:\/\/www.sincomam.org.br\/index.php\/wp-json\/wp\/v2\/media\/31746"}],"wp:attachment":[{"href":"https:\/\/www.sincomam.org.br\/index.php\/wp-json\/wp\/v2\/media?parent=31745"}],"wp:term":[{"taxonomy":"category","embeddable":true,"href":"https:\/\/www.sincomam.org.br\/index.php\/wp-json\/wp\/v2\/categories?post=31745"},{"taxonomy":"post_tag","embeddable":true,"href":"https:\/\/www.sincomam.org.br\/index.php\/wp-json\/wp\/v2\/tags?post=31745"}],"curies":[{"name":"wp","href":"https:\/\/api.w.org\/{rel}","templated":true}]}}