{"id":31733,"date":"2020-09-24T11:44:00","date_gmt":"2020-09-24T14:44:00","guid":{"rendered":"http:\/\/www.sincomam.org.br\/?p=31733"},"modified":"2020-09-24T11:44:00","modified_gmt":"2020-09-24T14:44:00","slug":"antaq-realizara-tomada-de-subsidios-publica-sobre-valores-extrafrete-e-sobretaxas-do-transporte-maritimo","status":"publish","type":"post","link":"https:\/\/www.sincomam.org.br\/index.php\/antaq-realizara-tomada-de-subsidios-publica-sobre-valores-extrafrete-e-sobretaxas-do-transporte-maritimo\/","title":{"rendered":"ANTAQ realizar\u00e1 Tomada de Subs\u00eddios P\u00fablica sobre valores extrafrete e sobretaxas do transporte mar\u00edtimo"},"content":{"rendered":"<p>A ANTAQ informa que realizar\u00e1 Tomada de Subs\u00eddios P\u00fablica, no per\u00edodo de 1\u00ba de outubro a 29 de outubro, visando o recebimento de contribui\u00e7\u00f5es para a concretiza\u00e7\u00e3o do tema 2.3 da Agenda Regulat\u00f3ria Bi\u00eanio 2020\/2021, que busca aprimorar a transpar\u00eancia na cobran\u00e7a dos valores extrafrete e sobretaxas do transporte mar\u00edtimo.<\/p>\n<p>O question\u00e1rio estar\u00e1 dispon\u00edvel no seguinte endere\u00e7o eletr\u00f4nic<strong>o: <a href=\"https:\/\/docs.google.com\/forms\/d\/e\/1FAIpQLSdd1lIIlG6pGAdqh3lJDQOWkQtsX2dkJNt_3Z3CjSi49a78-w\/viewform\" target=\"_blank\" rel=\"noopener noreferrer\">http:\/\/bit.ly\/SubsidioTaxas<\/a>.<\/strong> As contribui\u00e7\u00f5es poder\u00e3o ser dirigidas \u00e0 ANTAQ at\u00e9 \u00e0s 23h59 do dia 29 de outubro.<\/p>\n<p>Ser\u00e1 permitido, exclusivamente atrav\u00e9s do e-mail: <strong>anexo_tomada042020@antaq.gov.br<\/strong>, mediante identifica\u00e7\u00e3o do contribuinte e no prazo estipulado no aviso, anexar imagens digitais, tais como mapas, plantas, fotos, sendo que as contribui\u00e7\u00f5es em texto dever\u00e3o ser preenchidas nos campos apropriados do question\u00e1rio eletr\u00f4nico.<\/p>\n<p>Caso o interessado n\u00e3o disponha dos recursos necess\u00e1rios para o envio da contribui\u00e7\u00e3o por meio do question\u00e1rio eletr\u00f4nico, poder\u00e1 faz\u00ea-lo utilizando o computador da Secretaria-Geral \u2013 SGE, da Ag\u00eancia, no caso de Bras\u00edlia, ou nas suas unidades regionais, cujos endere\u00e7os se encontram dispon\u00edveis no site da ANTAQ.<\/p>\n<p>*Com informa\u00e7\u00f5es da Antaq<\/p>\n","protected":false},"excerpt":{"rendered":"<p>A ANTAQ informa que realizar\u00e1 Tomada de Subs\u00eddios P\u00fablica, no per\u00edodo de 1\u00ba de outubro a 29 de outubro, visando o recebimento de contribui\u00e7\u00f5es para&#8230;<\/p>\n","protected":false},"author":1182,"featured_media":20206,"comment_status":"closed","ping_status":"closed","sticky":false,"template":"","format":"standard","meta":{"footnotes":""},"categories":[6],"tags":[301,1074,19,834,189],"class_list":["post-31733","post","type-post","status-publish","format-standard","has-post-thumbnail","hentry","category-noticias","tag-antaq","tag-frete","tag-maritimo","tag-taxa","tag-transporte"],"_links":{"self":[{"href":"https:\/\/www.sincomam.org.br\/index.php\/wp-json\/wp\/v2\/posts\/31733","targetHints":{"allow":["GET"]}}],"collection":[{"href":"https:\/\/www.sincomam.org.br\/index.php\/wp-json\/wp\/v2\/posts"}],"about":[{"href":"https:\/\/www.sincomam.org.br\/index.php\/wp-json\/wp\/v2\/types\/post"}],"author":[{"embeddable":true,"href":"https:\/\/www.sincomam.org.br\/index.php\/wp-json\/wp\/v2\/users\/1182"}],"replies":[{"embeddable":true,"href":"https:\/\/www.sincomam.org.br\/index.php\/wp-json\/wp\/v2\/comments?post=31733"}],"version-history":[{"count":1,"href":"https:\/\/www.sincomam.org.br\/index.php\/wp-json\/wp\/v2\/posts\/31733\/revisions"}],"predecessor-version":[{"id":31734,"href":"https:\/\/www.sincomam.org.br\/index.php\/wp-json\/wp\/v2\/posts\/31733\/revisions\/31734"}],"wp:featuredmedia":[{"embeddable":true,"href":"https:\/\/www.sincomam.org.br\/index.php\/wp-json\/wp\/v2\/media\/20206"}],"wp:attachment":[{"href":"https:\/\/www.sincomam.org.br\/index.php\/wp-json\/wp\/v2\/media?parent=31733"}],"wp:term":[{"taxonomy":"category","embeddable":true,"href":"https:\/\/www.sincomam.org.br\/index.php\/wp-json\/wp\/v2\/categories?post=31733"},{"taxonomy":"post_tag","embeddable":true,"href":"https:\/\/www.sincomam.org.br\/index.php\/wp-json\/wp\/v2\/tags?post=31733"}],"curies":[{"name":"wp","href":"https:\/\/api.w.org\/{rel}","templated":true}]}}