{"id":31705,"date":"2020-09-23T11:47:33","date_gmt":"2020-09-23T14:47:33","guid":{"rendered":"http:\/\/www.sincomam.org.br\/?p=31705"},"modified":"2020-09-23T11:48:10","modified_gmt":"2020-09-23T14:48:10","slug":"ministro-da-infraestrutura-faz-reuniao-com-transportadores-de-cargas-e-apresenta-br-do-mar","status":"publish","type":"post","link":"https:\/\/www.sincomam.org.br\/index.php\/ministro-da-infraestrutura-faz-reuniao-com-transportadores-de-cargas-e-apresenta-br-do-mar\/","title":{"rendered":"Ministro da Infraestrutura faz reuni\u00e3o com transportadores de cargas e apresenta BR do Mar"},"content":{"rendered":"<p><strong><em>Tarc\u00edsio Gomes de Freitas convocou lideran\u00e7as do setor para repassarem a categoria os benef\u00edcios da diversidade e integra\u00e7\u00e3o do transporte de cargas no pa\u00eds<\/em><\/strong><\/p>\n<p>Durante reuni\u00e3o, por videoconfer\u00eancia, ministro da Infraestrutura, Tarc\u00edsio Gomes de Freitas, juntamente com representantes de transportadores de cargas no pa\u00eds debateram os benef\u00edcios para o pa\u00eds do equil\u00edbrio da matriz de transporte brasileira a partir da integra\u00e7\u00e3o de diferentes modais.<\/p>\n<p>O tema do encontro foi o programa de incentivo \u00e0 cabotagem, conhecido como BR do Mar, que busca incentivar o transporte de cargas entre portos brasileiros, permitindo a diversidade na matriz log\u00edstica.<\/p>\n<p>De acordo com as informa\u00e7\u00f5es divulgadas pelo Minist\u00e9rio da Infraestrutura, Freitas assegurou que o transporte rodovi\u00e1rio deve crescer, mesmo com os investimentos promovidos pelo Governo Federal em ferrovias e cabotagem.<\/p>\n<p><em>\u201cQuando o transporte cresce como um todo, \u00e9 bom para todo mundo, principalmente, para o caminhoneiro. \u00c9 bom lembrar que navio n\u00e3o vai em fazenda, navio n\u00e3o para na ind\u00fastria, n\u00e3o para no supermercado. Se eu coloco tr\u00eas mil cont\u00eaineres em um navio, s\u00f3 tem um jeito deles chegarem e sa\u00edrem do porto: \u00e9 o caminh\u00e3o\u201d, explicou Freitas.<\/em><\/p>\n<p>O ministro tamb\u00e9m defendeu o fortalecimento da cabotagem, que ir\u00e1 viabilizar o transporte de cargas que hoje n\u00e3o s\u00e3o transportadas.<\/p>\n<p><strong>Cabotagem <\/strong><\/p>\n<p>O Projeto de Lei 4199\/2020, que cria o programa de incentivo \u00e0 cabotagem, est\u00e1 em tramita\u00e7\u00e3o na C\u00e2mara dos Deputados e pretende aumentar a oferta do transporte de cargas entre portos brasileiros. \u00c9 um modo de transporte seguro, eficiente e de baixo custo. Atualmente, representa apenas 11% de participa\u00e7\u00e3o da matriz log\u00edstica do pa\u00eds. A ideia \u00e9 ampliar o volume de cont\u00eaineres transportados por ano, saindo de 1,2 milh\u00e3o de TEUs (unidade equivalente a 20 p\u00e9s), em 2019, para 2 milh\u00f5es de TEUs, em 2022.<\/p>\n<p><strong>Rodovias <\/strong><\/p>\n<p>Durante a reuni\u00e3o, o ministro da Infraestrutura destacou investimentos para o fortalecimento do transporte rodovi\u00e1rio de cargas, como os 60 empreendimentos entregues entre 2019 e 2020. Entre eles est\u00e1 a pavimenta\u00e7\u00e3o da BR-163\/PA, que havia sido iniciada h\u00e1 47 anos e estava inacabada; e outros 21 projetos de concess\u00e3o que est\u00e3o em andamento no Programa de Parcerias de Investimentos (PPI).<\/p>\n<p>O ministro ressaltou ainda a implementa\u00e7\u00e3o do Documento de Transporte Eletr\u00f4nico (DTe) que vai unificar cerca de 20 documentos exigidos para opera\u00e7\u00f5es de transporte de cargas; a discuss\u00e3o de novos crit\u00e9rios para pesagem; a cria\u00e7\u00e3o de pontos de paradas de descanso nas rodovias, entre outros.<\/p>\n<p>*Com informa\u00e7\u00f5es do MInfra<\/p>\n","protected":false},"excerpt":{"rendered":"<p>Tarc\u00edsio Gomes de Freitas convocou lideran\u00e7as do setor para repassarem a categoria os benef\u00edcios da diversidade e integra\u00e7\u00e3o do transporte de cargas no pa\u00eds Durante&#8230;<\/p>\n","protected":false},"author":1182,"featured_media":3530,"comment_status":"closed","ping_status":"closed","sticky":false,"template":"","format":"standard","meta":{"footnotes":""},"categories":[6],"tags":[3561,82,191,136,417,260,3227,3453],"class_list":["post-31705","post","type-post","status-publish","format-standard","has-post-thumbnail","hentry","category-noticias","tag-br-do-mar","tag-cabotagem","tag-cargas","tag-infraestrutura","tag-ministro","tag-reuniao","tag-rodovias","tag-transportadora"],"_links":{"self":[{"href":"https:\/\/www.sincomam.org.br\/index.php\/wp-json\/wp\/v2\/posts\/31705","targetHints":{"allow":["GET"]}}],"collection":[{"href":"https:\/\/www.sincomam.org.br\/index.php\/wp-json\/wp\/v2\/posts"}],"about":[{"href":"https:\/\/www.sincomam.org.br\/index.php\/wp-json\/wp\/v2\/types\/post"}],"author":[{"embeddable":true,"href":"https:\/\/www.sincomam.org.br\/index.php\/wp-json\/wp\/v2\/users\/1182"}],"replies":[{"embeddable":true,"href":"https:\/\/www.sincomam.org.br\/index.php\/wp-json\/wp\/v2\/comments?post=31705"}],"version-history":[{"count":1,"href":"https:\/\/www.sincomam.org.br\/index.php\/wp-json\/wp\/v2\/posts\/31705\/revisions"}],"predecessor-version":[{"id":31706,"href":"https:\/\/www.sincomam.org.br\/index.php\/wp-json\/wp\/v2\/posts\/31705\/revisions\/31706"}],"wp:featuredmedia":[{"embeddable":true,"href":"https:\/\/www.sincomam.org.br\/index.php\/wp-json\/wp\/v2\/media\/3530"}],"wp:attachment":[{"href":"https:\/\/www.sincomam.org.br\/index.php\/wp-json\/wp\/v2\/media?parent=31705"}],"wp:term":[{"taxonomy":"category","embeddable":true,"href":"https:\/\/www.sincomam.org.br\/index.php\/wp-json\/wp\/v2\/categories?post=31705"},{"taxonomy":"post_tag","embeddable":true,"href":"https:\/\/www.sincomam.org.br\/index.php\/wp-json\/wp\/v2\/tags?post=31705"}],"curies":[{"name":"wp","href":"https:\/\/api.w.org\/{rel}","templated":true}]}}