{"id":31685,"date":"2020-09-22T11:48:49","date_gmt":"2020-09-22T14:48:49","guid":{"rendered":"http:\/\/www.sincomam.org.br\/?p=31685"},"modified":"2020-09-22T11:48:49","modified_gmt":"2020-09-22T14:48:49","slug":"apos-paralisacao-correios-devem-retomar-100-das-atividades-hoje","status":"publish","type":"post","link":"https:\/\/www.sincomam.org.br\/index.php\/apos-paralisacao-correios-devem-retomar-100-das-atividades-hoje\/","title":{"rendered":"Ap\u00f3s paralisa\u00e7\u00e3o, Correios devem retomar 100% das atividades hoje"},"content":{"rendered":"<p><strong><em>Greve durou 35 dias e reajuste foi fixado em 2,6%<\/em><\/strong><\/p>\n<p>Ap\u00f3s 35 dias em greve, nesta ter\u00e7a-feira (22), os funcion\u00e1rios dos Correios devem voltar ao trabalho. Durante o julgamento do diss\u00eddio da categoria, o Tribunal Superior do Trabalho (TST) aprovou reajuste de 2,6%.<\/p>\n<p>A maioria dos ministros tamb\u00e9m entendeu que o movimento, que come\u00e7ou em 17 de agosto, n\u00e3o foi abusivo. Pela decis\u00e3o, metade dos dias de greve ser\u00e1 descontado do sal\u00e1rio dos empregados, a outra metade ter\u00e1 que ser compensada. No caso de descumprimento da decis\u00e3o de retorno imediato, a multa di\u00e1ria foi fixada em R$ 100 mil.<\/p>\n<p>Em nota, a Federa\u00e7\u00e3o Nacional dos Trabalhadores em Empresa dos Correios e Similares (Fentect), criticou a decis\u00e3o do TST.\u00a0 \u201cEssa decis\u00e3o representa mais um ataque aos direitos da classe trabalhadora, e um retrocesso a nossa categoria. \u00c9 mais uma mostra de como o Judici\u00e1rio se mant\u00e9m servil ao patronato, atuando de forma pol\u00edtico partid\u00e1ria, e se mantendo distante do prop\u00f3sito de justi\u00e7a e dignidade \u00e0 classe trabalhadora\u201d, disse Jos\u00e9 Rivaldo da Silva, secret\u00e1rio-geral da federa\u00e7\u00e3o.<\/p>\n<p>Al\u00e9m de considerar o reajuste insuficiente, entre as maiores perdas contabilizadas pela entidade est\u00e1 a redu\u00e7\u00e3o dos dias de licen\u00e7a maternidade na empresa, que passar\u00e1 de 180 dias, como praticada em todo o governo federal, para 120 dias. O documento publicado pela Federa\u00e7\u00e3o diz que a entidade realizar\u00e1, na manh\u00e3 de hoje, reuni\u00e3o com sua diretoria para avalia\u00e7\u00e3o do cen\u00e1rio. Apesar de n\u00e3o falar explicitamente em manuten\u00e7\u00e3o da greve, a Fentect orienta todos os sindicatos filiados a manterem a realiza\u00e7\u00e3o de assembleias previstas para hoje, para analisar a proposta e \u201cdecidir de forma coletiva e democr\u00e1tica sobre o resultado do julgamento.\u201d<\/p>\n<p><strong>Retomada de servi\u00e7os<\/strong><\/p>\n<p>Os Correios tamb\u00e9m se manifestaram sobre o resultado do diss\u00eddio. Em nota, a empresa esclareceu que segue executando o plano de continuidade do neg\u00f3cio, com a realiza\u00e7\u00e3o de mutir\u00f5es de entrega, inclusive em fins de semana e feriados, com o objetivo de reduzir os efeitos da paralisa\u00e7\u00e3o parcial dos empregados \u00e0 popula\u00e7\u00e3o.<\/p>\n<p>A estatal acrescentou que, desde o m\u00eas de julho, buscou negociar os termos do Acordo Coletivo de Trabalho 2020\/2021, de maneira \u201ca fortalecer as finan\u00e7as e preservar sua sustentabilidade\u201d. \u201cA empresa agora empreender\u00e1 todos os esfor\u00e7os para recompor os \u00edndices de efici\u00eancia dos produtos e servi\u00e7os, considerados essenciais, nesse momento em que a popula\u00e7\u00e3o brasileira mais precisa\u201d, garante o documento.<\/p>\n<p>Fonte: Ag\u00eancia Brasil<\/p>\n","protected":false},"excerpt":{"rendered":"<p>Greve durou 35 dias e reajuste foi fixado em 2,6% Ap\u00f3s 35 dias em greve, nesta ter\u00e7a-feira (22), os funcion\u00e1rios dos Correios devem voltar ao&#8230;<\/p>\n","protected":false},"author":1182,"featured_media":31686,"comment_status":"closed","ping_status":"closed","sticky":false,"template":"","format":"standard","meta":{"footnotes":""},"categories":[6],"tags":[2859,990,2046,217,244,1239,392,329,862,1471,554,393],"class_list":["post-31685","post","type-post","status-publish","format-standard","has-post-thumbnail","hentry","category-noticias","tag-atividades","tag-correios","tag-dissidio","tag-funcionarios","tag-greve","tag-paralisacao","tag-reajuste","tag-retomada","tag-servicos","tag-superior","tag-trabalho","tag-tribunal"],"_links":{"self":[{"href":"https:\/\/www.sincomam.org.br\/index.php\/wp-json\/wp\/v2\/posts\/31685","targetHints":{"allow":["GET"]}}],"collection":[{"href":"https:\/\/www.sincomam.org.br\/index.php\/wp-json\/wp\/v2\/posts"}],"about":[{"href":"https:\/\/www.sincomam.org.br\/index.php\/wp-json\/wp\/v2\/types\/post"}],"author":[{"embeddable":true,"href":"https:\/\/www.sincomam.org.br\/index.php\/wp-json\/wp\/v2\/users\/1182"}],"replies":[{"embeddable":true,"href":"https:\/\/www.sincomam.org.br\/index.php\/wp-json\/wp\/v2\/comments?post=31685"}],"version-history":[{"count":1,"href":"https:\/\/www.sincomam.org.br\/index.php\/wp-json\/wp\/v2\/posts\/31685\/revisions"}],"predecessor-version":[{"id":31687,"href":"https:\/\/www.sincomam.org.br\/index.php\/wp-json\/wp\/v2\/posts\/31685\/revisions\/31687"}],"wp:featuredmedia":[{"embeddable":true,"href":"https:\/\/www.sincomam.org.br\/index.php\/wp-json\/wp\/v2\/media\/31686"}],"wp:attachment":[{"href":"https:\/\/www.sincomam.org.br\/index.php\/wp-json\/wp\/v2\/media?parent=31685"}],"wp:term":[{"taxonomy":"category","embeddable":true,"href":"https:\/\/www.sincomam.org.br\/index.php\/wp-json\/wp\/v2\/categories?post=31685"},{"taxonomy":"post_tag","embeddable":true,"href":"https:\/\/www.sincomam.org.br\/index.php\/wp-json\/wp\/v2\/tags?post=31685"}],"curies":[{"name":"wp","href":"https:\/\/api.w.org\/{rel}","templated":true}]}}