{"id":31677,"date":"2020-09-25T07:55:11","date_gmt":"2020-09-25T10:55:11","guid":{"rendered":"http:\/\/www.sincomam.org.br\/?p=31677"},"modified":"2020-09-25T10:24:28","modified_gmt":"2020-09-25T13:24:28","slug":"sincomam-promove-curso-de-qualificacao-profissional-para-cdm","status":"publish","type":"post","link":"https:\/\/www.sincomam.org.br\/index.php\/sincomam-promove-curso-de-qualificacao-profissional-para-cdm\/","title":{"rendered":"SINCOMAM promove curso de qualifica\u00e7\u00e3o profissional para Condutor de M\u00e1quinas"},"content":{"rendered":"<p><strong><em>Sindicato ir\u00e1 custear o evento com o objetivo de qualificar o aluno para atuar em situa\u00e7\u00f5es de seguran\u00e7a e prote\u00e7\u00e3o a bordo<\/em><\/strong><\/p>\n<p>O Sindicato Nacional dos Condutores da Marinha Mercante e Afins, (SINCOMAM) informa que ir\u00e1 promover, de forma gratuita, tr\u00eas turmas para qualifica\u00e7\u00e3o e certifica\u00e7\u00e3o profissional do Condutor de M\u00e1quinas, referente ao Curso CBSP (Curso B\u00e1sico de Seguran\u00e7a de Plataforma) + HUET (Treinamento de Escape de Aeronave Submersa), conjugados.<\/p>\n<p>O evento ser\u00e1 realizado no Instituto de Ci\u00eancias N\u00e1uticas (ICN). As aulas ser\u00e3o ministradas no per\u00edodo das 08:00 \u00e0s 17:00. Ao t\u00e9rmino do curso, o aluno aprovado receber\u00e1 o certificado conferido pelo Instituto de Ci\u00eancias N\u00e1uticas.<\/p>\n<p>Confira na tabela abaixo, as datas e hor\u00e1rios dos cursos:<\/p>\n<table style=\"height: 263px;\" width=\"610\">\n<tbody>\n<tr>\n<td width=\"18%\">\n<p style=\"text-align: left;\"><strong>TURMAS<\/strong><\/p>\n<\/td>\n<td style=\"text-align: left;\" width=\"43%\"><strong>PER\u00cdODO DO CURSO<\/strong><\/td>\n<td style=\"text-align: left;\" width=\"38%\"><strong>ENCERRAMENTO DA INSCRI\u00c7\u00c3O<\/strong><\/td>\n<\/tr>\n<tr>\n<td width=\"18%\"><strong>TURMA 1<\/strong><\/td>\n<td width=\"43%\"><strong>05\/10\/2020 A 09\/10\/2020<\/strong><\/td>\n<td width=\"38%\"><strong>25\/09\/2020<\/strong><\/td>\n<\/tr>\n<tr>\n<td width=\"18%\"><strong>TURMA 2<\/strong><\/td>\n<td width=\"43%\"><strong>19\/10\/2020 A 23\/10\/2020<\/strong><\/td>\n<td width=\"38%\"><strong>13\/10\/2020<\/strong><\/td>\n<\/tr>\n<tr>\n<td style=\"text-align: left;\" width=\"18%\"><strong>TURMA 3<\/strong><\/td>\n<td style=\"text-align: left;\" width=\"43%\"><strong>09\/11\/2020 A 13\/11\/2020<\/strong><\/td>\n<td width=\"38%\">\n<p style=\"text-align: left;\"><strong>03\/11\/2020<\/strong><\/p>\n<\/td>\n<\/tr>\n<\/tbody>\n<\/table>\n<p>De acordo com o Diretor Presidente do SINCOMAM, Alcir da Costa Albernoz, o sindicato ir\u00e1 ofertar 30 vagas para os Condutores de M\u00e1quinas, sendo 15 em cada turma.<\/p>\n<p>O SINCOMAM ressalta que o CDM,<strong> associado<\/strong>, interessado em participar do curso deve entrar em contato atrav\u00e9s do e-mail <strong><em>sincomam.ntg@terra.com.br<\/em><\/strong>, informando em qual turma deseja se inscrever.<\/p>\n<p>Aproveite a oportunidade e inscreva-se somente se for realizar o curso.<\/p>\n","protected":false},"excerpt":{"rendered":"<p>Sindicato ir\u00e1 custear o evento com o objetivo de qualificar o aluno para atuar em situa\u00e7\u00f5es de seguran\u00e7a e prote\u00e7\u00e3o a bordo O Sindicato Nacional&#8230;<\/p>\n","protected":false},"author":1182,"featured_media":17575,"comment_status":"closed","ping_status":"closed","sticky":false,"template":"","format":"standard","meta":{"footnotes":""},"categories":[6],"tags":[3854,61,3816,3438,3818,445,352,3851,922,427,3817,3848,336,370,3850,3853,3846,1733,450,239,17,374,3852,538],"class_list":["post-31677","post","type-post","status-publish","format-standard","has-post-thumbnail","hentry","category-noticias","tag-associado","tag-brasil","tag-cbsp","tag-cdm","tag-condutor-de-maquinas","tag-curso","tag-embarcacao","tag-encerramento","tag-evento","tag-gratuito","tag-huet","tag-icn","tag-inscricoes","tag-marinha-mercante","tag-periodo","tag-presidente-sincomam","tag-profissional","tag-protecao","tag-qualificacao","tag-seguranca","tag-sincomam","tag-sindicato","tag-turmas","tag-vagas"],"_links":{"self":[{"href":"https:\/\/www.sincomam.org.br\/index.php\/wp-json\/wp\/v2\/posts\/31677","targetHints":{"allow":["GET"]}}],"collection":[{"href":"https:\/\/www.sincomam.org.br\/index.php\/wp-json\/wp\/v2\/posts"}],"about":[{"href":"https:\/\/www.sincomam.org.br\/index.php\/wp-json\/wp\/v2\/types\/post"}],"author":[{"embeddable":true,"href":"https:\/\/www.sincomam.org.br\/index.php\/wp-json\/wp\/v2\/users\/1182"}],"replies":[{"embeddable":true,"href":"https:\/\/www.sincomam.org.br\/index.php\/wp-json\/wp\/v2\/comments?post=31677"}],"version-history":[{"count":2,"href":"https:\/\/www.sincomam.org.br\/index.php\/wp-json\/wp\/v2\/posts\/31677\/revisions"}],"predecessor-version":[{"id":31679,"href":"https:\/\/www.sincomam.org.br\/index.php\/wp-json\/wp\/v2\/posts\/31677\/revisions\/31679"}],"wp:featuredmedia":[{"embeddable":true,"href":"https:\/\/www.sincomam.org.br\/index.php\/wp-json\/wp\/v2\/media\/17575"}],"wp:attachment":[{"href":"https:\/\/www.sincomam.org.br\/index.php\/wp-json\/wp\/v2\/media?parent=31677"}],"wp:term":[{"taxonomy":"category","embeddable":true,"href":"https:\/\/www.sincomam.org.br\/index.php\/wp-json\/wp\/v2\/categories?post=31677"},{"taxonomy":"post_tag","embeddable":true,"href":"https:\/\/www.sincomam.org.br\/index.php\/wp-json\/wp\/v2\/tags?post=31677"}],"curies":[{"name":"wp","href":"https:\/\/api.w.org\/{rel}","templated":true}]}}