{"id":31670,"date":"2020-09-21T15:08:09","date_gmt":"2020-09-21T18:08:09","guid":{"rendered":"http:\/\/www.sincomam.org.br\/?p=31670"},"modified":"2020-09-21T15:55:05","modified_gmt":"2020-09-21T18:55:05","slug":"operacao-covid-19-forcas-armadas-atuam-ha-seis-meses-em-todo-o-pais","status":"publish","type":"post","link":"https:\/\/www.sincomam.org.br\/index.php\/operacao-covid-19-forcas-armadas-atuam-ha-seis-meses-em-todo-o-pais\/","title":{"rendered":"Opera\u00e7\u00e3o Covid-19: For\u00e7as Armadas atuam h\u00e1 seis meses em todo o Pa\u00eds"},"content":{"rendered":"<p><strong><em>Militares enfrentam as adversidades provocadas pela pandemia em territ\u00f3rio nacional<\/em><\/strong><\/p>\n<p>Desde a chegada do novo coronav\u00edrus ao Brasil, o Minist\u00e9rio da Defesa informa que o Centro de Opera\u00e7\u00f5es Conjuntas vem atuando na coordena\u00e7\u00e3o e planejamento do emprego das For\u00e7as Armadas no combate \u00e0 Covid-19. Segundo o Minist\u00e9rio, a\u00a0atua\u00e7\u00e3o do efetivo atingiu 34 mil homens e mulheres das For\u00e7as da Defesa, o emprego de 107 embarca\u00e7\u00f5es, 85 aeronaves e 1.802 viaturas no apoio ao desempenho das atividades.<\/p>\n<p>Ainda de acordo com o Minist\u00e9rio, foram ativados dez Comandos Conjuntos, que cobrem todo o territ\u00f3rio nacional, al\u00e9m do Comando de Opera\u00e7\u00f5es Aeroespaciais (COMAE), de funcionamento permanente. \u00a0Durante esses 180 dias de a\u00e7\u00f5es, militares da Marinha, do Ex\u00e9rcito e da Aeron\u00e1utica trabalham no aux\u00edlio do transporte a\u00e9reo de materiais de sa\u00fade, na distribui\u00e7\u00e3o de cestas b\u00e1sicas, em campanhas de doa\u00e7\u00e3o de sangue, na desinfec\u00e7\u00e3o de espa\u00e7os p\u00fablicos, dentre outras necessidades. \u00a0<a href=\"https:\/\/www.sincomam.org.br\/wp-content\/uploads\/2020\/09\/Infogr\u00e1fico-Defesa-covid-19.jpeg\" target=\"_blank\" rel=\"noopener noreferrer\"><img fetchpriority=\"high\" decoding=\"async\" class=\"aligncenter wp-image-31671 size-medium_large\" src=\"https:\/\/www.sincomam.org.br\/wp-content\/uploads\/2020\/09\/Infogr\u00e1fico-Defesa-covid-19-768x432.jpeg\" alt=\"\" width=\"768\" height=\"432\" srcset=\"https:\/\/www.sincomam.org.br\/wp-content\/uploads\/2020\/09\/Infogr\u00e1fico-Defesa-covid-19-768x432.jpeg 768w, https:\/\/www.sincomam.org.br\/wp-content\/uploads\/2020\/09\/Infogr\u00e1fico-Defesa-covid-19-300x169.jpeg 300w, https:\/\/www.sincomam.org.br\/wp-content\/uploads\/2020\/09\/Infogr\u00e1fico-Defesa-covid-19-1024x576.jpeg 1024w, https:\/\/www.sincomam.org.br\/wp-content\/uploads\/2020\/09\/Infogr\u00e1fico-Defesa-covid-19.jpeg 1150w\" sizes=\"(max-width: 768px) 100vw, 768px\" \/><\/a><strong>Atividade Log\u00edstica<\/strong><\/p>\n<p>At\u00e9 o momento, foram transportadas 84.994 toneladas de mantimentos por vias terrestre, mar\u00edtima e a\u00e9rea, apoiando fam\u00edlias em situa\u00e7\u00e3o de vulnerabilidade social, bem como comunidades quilombolas e ind\u00edgenas por todo o Brasil. Ao todo, 63.049 cestas foram distribu\u00eddas \u00e0s comunidades ind\u00edgenas.<\/p>\n<p>Para manter equilibrados os estoques de bancos de sangue nos 26 estados e no Distrito Federal, 34.262 militares foram volunt\u00e1rios doadores de sangue. O Minist\u00e9rio da Defesa ressaltou que foram selecionados 18.089 profissionais capacitados em Defesa Nuclear, Biol\u00f3gica, Qu\u00edmica e Radiol\u00f3gica (DNBQR).<\/p>\n<p><strong>Atividade Operacional<\/strong><\/p>\n<p>Em outra frente de a\u00e7\u00e3o no combate \u00e0 Covid-19, militares desinfectaram \u00e1reas de grande circula\u00e7\u00e3o, totalizando 6.710 locais p\u00fablicos higienizados, dentre eles: terminais rodovi\u00e1rios, escolas, hospitais, esta\u00e7\u00f5es de metr\u00f4 e \u00f3rg\u00e3os p\u00fablicos civis e militares.<\/p>\n<p>A Marinha do Brasil acrescentou que empregou meios navais da Capitania Fluvial do Araguaia-Tocantins para conscientiza\u00e7\u00e3o e preven\u00e7\u00e3o \u00e0 Covid-19, em Palmas (TO).<\/p>\n<p>* Com informa\u00e7\u00f5es do Minist\u00e9rio da Defesa<\/p>\n","protected":false},"excerpt":{"rendered":"<p>Militares enfrentam as adversidades provocadas pela pandemia em territ\u00f3rio nacional Desde a chegada do novo coronav\u00edrus ao Brasil, o Minist\u00e9rio da Defesa informa que o&#8230;<\/p>\n","protected":false},"author":1182,"featured_media":31672,"comment_status":"closed","ping_status":"closed","sticky":false,"template":"","format":"standard","meta":{"footnotes":""},"categories":[6],"tags":[590,61,2840,2752,2751,2917,894,15,692,3683,3845],"class_list":["post-31670","post","type-post","status-publish","format-standard","has-post-thumbnail","hentry","category-noticias","tag-acoes","tag-brasil","tag-combate","tag-coronavirus","tag-covid-19","tag-doacao","tag-forcas-armadas","tag-marinha","tag-militares","tag-ministerio-da-defesa","tag-sangue"],"_links":{"self":[{"href":"https:\/\/www.sincomam.org.br\/index.php\/wp-json\/wp\/v2\/posts\/31670","targetHints":{"allow":["GET"]}}],"collection":[{"href":"https:\/\/www.sincomam.org.br\/index.php\/wp-json\/wp\/v2\/posts"}],"about":[{"href":"https:\/\/www.sincomam.org.br\/index.php\/wp-json\/wp\/v2\/types\/post"}],"author":[{"embeddable":true,"href":"https:\/\/www.sincomam.org.br\/index.php\/wp-json\/wp\/v2\/users\/1182"}],"replies":[{"embeddable":true,"href":"https:\/\/www.sincomam.org.br\/index.php\/wp-json\/wp\/v2\/comments?post=31670"}],"version-history":[{"count":1,"href":"https:\/\/www.sincomam.org.br\/index.php\/wp-json\/wp\/v2\/posts\/31670\/revisions"}],"predecessor-version":[{"id":31673,"href":"https:\/\/www.sincomam.org.br\/index.php\/wp-json\/wp\/v2\/posts\/31670\/revisions\/31673"}],"wp:featuredmedia":[{"embeddable":true,"href":"https:\/\/www.sincomam.org.br\/index.php\/wp-json\/wp\/v2\/media\/31672"}],"wp:attachment":[{"href":"https:\/\/www.sincomam.org.br\/index.php\/wp-json\/wp\/v2\/media?parent=31670"}],"wp:term":[{"taxonomy":"category","embeddable":true,"href":"https:\/\/www.sincomam.org.br\/index.php\/wp-json\/wp\/v2\/categories?post=31670"},{"taxonomy":"post_tag","embeddable":true,"href":"https:\/\/www.sincomam.org.br\/index.php\/wp-json\/wp\/v2\/tags?post=31670"}],"curies":[{"name":"wp","href":"https:\/\/api.w.org\/{rel}","templated":true}]}}