{"id":31666,"date":"2020-09-21T14:10:45","date_gmt":"2020-09-21T17:10:45","guid":{"rendered":"http:\/\/www.sincomam.org.br\/?p=31666"},"modified":"2020-09-21T14:10:45","modified_gmt":"2020-09-21T17:10:45","slug":"navio-transporte-fluvial-almirante-leverger-combate-incendio-em-corumba-ms","status":"publish","type":"post","link":"https:\/\/www.sincomam.org.br\/index.php\/navio-transporte-fluvial-almirante-leverger-combate-incendio-em-corumba-ms\/","title":{"rendered":"Navio-Transporte Fluvial \u201cAlmirante Leverger\u201d combate inc\u00eandio em Corumb\u00e1 (MS)"},"content":{"rendered":"<p><strong><em>Militares da Marinha, Corpo de Bombeiros e Pol\u00edcia Militar Ambiental atuaram em conjunto nas \u00e1reas atingidas pelo fogo<\/em><\/strong><\/p>\n<p>A Marinha do Brasil informou que o Navio-Transporte Fluvial \u201cAlmirante Leverger\u201d, subordinado ao Comando da Flotilha de Mato Grosso (ComFlotMT), apoiou o combate a um inc\u00eandio pontual na vegeta\u00e7\u00e3o na regi\u00e3o do Porto da Manga, a 75 quil\u00f4metros de Corumb\u00e1 (MS).<\/p>\n<p>Segundo a Marinha, o navio est\u00e1 empregado na Opera\u00e7\u00e3o \u201c\u00c1gata XII\u201d e estava abarrancado para realiza\u00e7\u00e3o de patrulhamento e inspe\u00e7\u00e3o naval na regi\u00e3o. Durante as atividades, os militares avistaram um inc\u00eandio na vegeta\u00e7\u00e3o, que logo come\u00e7ou a se propagar na dire\u00e7\u00e3o das casas da localidade.<\/p>\n<p>\u201cOs militares do navio e da Pol\u00edcia Militar Ambiental que se encontram embarcados ajudaram na retirada dos moradores de suas casas, encaminhando-os para o conv\u00e9s do navio, e controlaram o fogo na vegeta\u00e7\u00e3o at\u00e9 a chegada do Corpo de Bombeiros de Mato Grosso do Sul. Os militares tamb\u00e9m atuaram em apoio \u00e0 equipe de bombeiros militares\u201d, completou o comunicado.<\/p>\n<p>O Comando do 6\u00ba Distrito Naval esclarece que o inc\u00eandio combatido n\u00e3o est\u00e1 relacionado a focos anteriores de queimadas no Pantanal.<\/p>\n<p>*Com informa\u00e7\u00f5es da MB<\/p>\n","protected":false},"excerpt":{"rendered":"<p>Militares da Marinha, Corpo de Bombeiros e Pol\u00edcia Militar Ambiental atuaram em conjunto nas \u00e1reas atingidas pelo fogo A Marinha do Brasil informou que o&#8230;<\/p>\n","protected":false},"author":1182,"featured_media":31667,"comment_status":"closed","ping_status":"closed","sticky":false,"template":"","format":"standard","meta":{"footnotes":""},"categories":[6],"tags":[3844,2840,3684,190,115,15,3839,692,47,189],"class_list":["post-31666","post","type-post","status-publish","format-standard","has-post-thumbnail","hentry","category-noticias","tag-bombeiros","tag-combate","tag-corumba","tag-fluvial","tag-incendio","tag-marinha","tag-mato-grosso","tag-militares","tag-navio","tag-transporte"],"_links":{"self":[{"href":"https:\/\/www.sincomam.org.br\/index.php\/wp-json\/wp\/v2\/posts\/31666","targetHints":{"allow":["GET"]}}],"collection":[{"href":"https:\/\/www.sincomam.org.br\/index.php\/wp-json\/wp\/v2\/posts"}],"about":[{"href":"https:\/\/www.sincomam.org.br\/index.php\/wp-json\/wp\/v2\/types\/post"}],"author":[{"embeddable":true,"href":"https:\/\/www.sincomam.org.br\/index.php\/wp-json\/wp\/v2\/users\/1182"}],"replies":[{"embeddable":true,"href":"https:\/\/www.sincomam.org.br\/index.php\/wp-json\/wp\/v2\/comments?post=31666"}],"version-history":[{"count":1,"href":"https:\/\/www.sincomam.org.br\/index.php\/wp-json\/wp\/v2\/posts\/31666\/revisions"}],"predecessor-version":[{"id":31668,"href":"https:\/\/www.sincomam.org.br\/index.php\/wp-json\/wp\/v2\/posts\/31666\/revisions\/31668"}],"wp:featuredmedia":[{"embeddable":true,"href":"https:\/\/www.sincomam.org.br\/index.php\/wp-json\/wp\/v2\/media\/31667"}],"wp:attachment":[{"href":"https:\/\/www.sincomam.org.br\/index.php\/wp-json\/wp\/v2\/media?parent=31666"}],"wp:term":[{"taxonomy":"category","embeddable":true,"href":"https:\/\/www.sincomam.org.br\/index.php\/wp-json\/wp\/v2\/categories?post=31666"},{"taxonomy":"post_tag","embeddable":true,"href":"https:\/\/www.sincomam.org.br\/index.php\/wp-json\/wp\/v2\/tags?post=31666"}],"curies":[{"name":"wp","href":"https:\/\/api.w.org\/{rel}","templated":true}]}}