{"id":31655,"date":"2020-09-18T15:16:39","date_gmt":"2020-09-18T18:16:39","guid":{"rendered":"http:\/\/www.sincomam.org.br\/?p=31655"},"modified":"2020-09-18T15:16:39","modified_gmt":"2020-09-18T18:16:39","slug":"forcas-armadas-enfrentam-batalha-contra-as-chamas-no-pantanal","status":"publish","type":"post","link":"https:\/\/www.sincomam.org.br\/index.php\/forcas-armadas-enfrentam-batalha-contra-as-chamas-no-pantanal\/","title":{"rendered":"For\u00e7as Armadas enfrentam batalha contra as chamas no Pantanal"},"content":{"rendered":"<p><strong><em>Atua\u00e7\u00e3o da Defesa conta com o emprego de 14 aeronaves, 31 viaturas e uma embarca\u00e7\u00e3o; Nuvem de fuma\u00e7a proveniente das queimadas chega a SP e RJ<\/em><\/strong><\/p>\n<p>O Minist\u00e9rio da Defesa informou que as For\u00e7as Armadas continuam combatendo os focos de inc\u00eandio que se alastram nas localidades de Faz Carv\u00e3ozinho, Estrada do Manoelito, Estrada da Cobrasa e Porto de Manga, nos munic\u00edpios de Pocon\u00e9, Mato Grosso, e de Corumb\u00e1, no Mato Grosso do Sul.<\/p>\n<p>Segundo a Defesa, agentes do Instituto Chico Mendes de Conserva\u00e7\u00e3o da Biodiversidade (ICMBio), dos Corpos de Bombeiros Militares dos Estados de Mato Grosso do Sul e de Mato Grosso (CBMMT), al\u00e9m do SESC-MT, com o apoio de militares das For\u00e7as Armadas, est\u00e3o monitorando toda a regi\u00e3o.<\/p>\n<p>As atividades de transporte de pessoal, material e reconhecimento de \u00e1reas permanecem sendo cumpridas pelo Super Cougar (UH-15) da Marinha e pelo Black Hawk (UH-60) da For\u00e7a A\u00e9rea Brasileira, devido \u00e0 peculiaridade da regi\u00e3o. As aeronaves do CBMMT j\u00e1 despejaram mais de cinco milh\u00f5es de litros de \u00e1gua.<\/p>\n<p>O Minist\u00e9rio acrescentou ainda que, a\u201d guerra contra os inc\u00eandios nos estados de Mato Grosso e Mato Grosso do Sul, no Centro-Oeste do Brasil, segue com a disponibiliza\u00e7\u00e3o de 14 aeronaves, 31 viaturas e uma embarca\u00e7\u00e3o. Em parceria com ag\u00eancias federais e estaduais, integrantes da Marinha, do Ex\u00e9rcito e da Aeron\u00e1utica empregam aeronaves que transportam brigadistas e despejam \u00e1gua, durante os sobrevoos, para conter as chamas\u201d.<\/p>\n<p>O Pantanal brasileiro chegou a 15.756 focos de inc\u00eandio em 2020, o maior n\u00famero de queimadas desde 1998, quando o Inpe (Instituto Nacional de Pesquisas Espaciais) come\u00e7ou a registrar n\u00fameros. (Com informa\u00e7\u00f5es da Reuters)<\/p>\n<p><strong>Opera\u00e7\u00e3o Pantanal<\/strong><\/p>\n<p>As For\u00e7as Armadas atuam, desde o dia 25 de julho, no combate a inc\u00eandio no Pantanal sul-mato-grossense. No dia 5 de agosto, as a\u00e7\u00f5es foram estendidas ao Pantanal mato-grossense. O Minist\u00e9rio da Defesa atende \u00e0 solicita\u00e7\u00e3o recebida pelos dois estados.<\/p>\n<p>O Centro de Coordena\u00e7\u00e3o da Opera\u00e7\u00e3o est\u00e1 instalado no aer\u00f3dromo do Sesc Pantanal, em Pocon\u00e9 (MT), ponto estrat\u00e9gico para o emprego dos meios. Participam da opera\u00e7\u00e3o embarca\u00e7\u00f5es e helic\u00f3pteros da Marinha, do Ex\u00e9rcito e da Aeron\u00e1utica, al\u00e9m de Fuzileiros Navais com curso em inc\u00eandio florestal.<\/p>\n<p><strong>Nuvem de fuma\u00e7a<\/strong><\/p>\n<p>Uma nuvem de fuma\u00e7a provocada pelas queimadas no Pantanal avan\u00e7a sobre o estado de S\u00e3o Paulo, centro-sul do Rio de Janeiro e centro-sul de Minas Gerais. A nuvem que foi deslocada por ventos deixa o c\u00e9u mais escuro e pode provocar fen\u00f4menos como &#8216;chuva escura ou chuva preta\u2019.<\/p>\n<p>Segundo informa\u00e7\u00f5es divulgadas pelo Climatempo, a chuva deve chegar ao Pantanal de Mato Grosso e de Mato Grosso do Sul nos pr\u00f3ximos dias. Al\u00e9m disso, a umidade relativa do ar tamb\u00e9m ir\u00e1 aumentar bastante nessas \u00e1reas, o que diminui bastante o risco para queimadas na regi\u00e3o.<\/p>\n<p>Foto: divulga\u00e7\u00e3o\/*Minist\u00e9rio da Defesa<\/p>\n","protected":false},"excerpt":{"rendered":"<p>Atua\u00e7\u00e3o da Defesa conta com o emprego de 14 aeronaves, 31 viaturas e uma embarca\u00e7\u00e3o; Nuvem de fuma\u00e7a proveniente das queimadas chega a SP e&#8230;<\/p>\n","protected":false},"author":1182,"featured_media":31656,"comment_status":"closed","ping_status":"closed","sticky":false,"template":"","format":"standard","meta":{"footnotes":""},"categories":[6],"tags":[3635,61,362,1159,837,894,1259,115,1013,3839,2437,692,3683,47,3279,377,1976,3840,3838,59,366],"class_list":["post-31655","post","type-post","status-publish","format-standard","has-post-thumbnail","hentry","category-noticias","tag-aeronaves","tag-brasil","tag-calor","tag-chuva","tag-exercito","tag-forcas-armadas","tag-fumaca","tag-incendio","tag-marinha-do-brasil","tag-mato-grosso","tag-mato-grosso-do-sul","tag-militares","tag-ministerio-da-defesa","tag-navio","tag-nuvem","tag-operacao","tag-pantanal","tag-preta","tag-queimadas","tag-rio-de-janeiro","tag-sao-paulo"],"_links":{"self":[{"href":"https:\/\/www.sincomam.org.br\/index.php\/wp-json\/wp\/v2\/posts\/31655","targetHints":{"allow":["GET"]}}],"collection":[{"href":"https:\/\/www.sincomam.org.br\/index.php\/wp-json\/wp\/v2\/posts"}],"about":[{"href":"https:\/\/www.sincomam.org.br\/index.php\/wp-json\/wp\/v2\/types\/post"}],"author":[{"embeddable":true,"href":"https:\/\/www.sincomam.org.br\/index.php\/wp-json\/wp\/v2\/users\/1182"}],"replies":[{"embeddable":true,"href":"https:\/\/www.sincomam.org.br\/index.php\/wp-json\/wp\/v2\/comments?post=31655"}],"version-history":[{"count":1,"href":"https:\/\/www.sincomam.org.br\/index.php\/wp-json\/wp\/v2\/posts\/31655\/revisions"}],"predecessor-version":[{"id":31657,"href":"https:\/\/www.sincomam.org.br\/index.php\/wp-json\/wp\/v2\/posts\/31655\/revisions\/31657"}],"wp:featuredmedia":[{"embeddable":true,"href":"https:\/\/www.sincomam.org.br\/index.php\/wp-json\/wp\/v2\/media\/31656"}],"wp:attachment":[{"href":"https:\/\/www.sincomam.org.br\/index.php\/wp-json\/wp\/v2\/media?parent=31655"}],"wp:term":[{"taxonomy":"category","embeddable":true,"href":"https:\/\/www.sincomam.org.br\/index.php\/wp-json\/wp\/v2\/categories?post=31655"},{"taxonomy":"post_tag","embeddable":true,"href":"https:\/\/www.sincomam.org.br\/index.php\/wp-json\/wp\/v2\/tags?post=31655"}],"curies":[{"name":"wp","href":"https:\/\/api.w.org\/{rel}","templated":true}]}}