{"id":31651,"date":"2020-09-18T13:02:28","date_gmt":"2020-09-18T16:02:28","guid":{"rendered":"http:\/\/www.sincomam.org.br\/?p=31651"},"modified":"2020-09-18T13:02:28","modified_gmt":"2020-09-18T16:02:28","slug":"mundo-chega-a-30-milhoes-de-casos-de-covid-19-e-paises-retomam-lockdowns","status":"publish","type":"post","link":"https:\/\/www.sincomam.org.br\/index.php\/mundo-chega-a-30-milhoes-de-casos-de-covid-19-e-paises-retomam-lockdowns\/","title":{"rendered":"Mundo chega a 30 milh\u00f5es de casos de covid-19 e pa\u00edses retomam &#8216;lockdowns&#8217;"},"content":{"rendered":"<p><em><strong>Brasil tem 135.203 mortes por coronav\u00edrus e 4.466.828 casos confirmados, nesta sexta-feira (18)<\/strong><\/em><\/p>\n<p>Os cont\u00e1gios de covid-19 no planeta superaram a marca dos 30 milh\u00f5es, de acordo com o levantamento em tempo real da Universidade Johns Hopkins, dos EUA. O n\u00famero de mortes, segundo a mesma institui\u00e7\u00e3o, ultrapassou os 945 mil. Enquanto a pandemia avan\u00e7a, pa\u00edses adotam &#8220;lockdowns&#8221; parciais e tentam retomar a &#8220;normalidade&#8221; enquanto n\u00e3o h\u00e1 perspectiva de uma vacina\u00e7\u00e3o universal a curto prazo.<\/p>\n<p>Nesta sexta-feira (18), o governo do Reino Unido advertiu que poder\u00e1 retomar o confinamento na Inglaterra ap\u00f3s observar o aumento do n\u00famero de casos, com as taxas de hospitaliza\u00e7\u00e3o dobrando a cada oito dias, segundo o Minist\u00e9rio da Sa\u00fade. &#8220;Queremos evitar um confinamento nacional, mas estamos preparados para fazer isso, se necess\u00e1rio&#8221;, disse o ministro da Sa\u00fade, Matt Hancock, \u00e0 rede BBC. &#8220;Estamos preparados para fazer o que for necess\u00e1rio, tanto para proteger vidas, quanto para proteger a economia.&#8221;<\/p>\n<p>De acordo com Hancock, novas restri\u00e7\u00f5es ser\u00e3o aplicadas a partir desta sexta em partes do nordeste da Inglaterra. Em v\u00e1rias cidades da regi\u00e3o, que somam quase dois milh\u00f5es de habitantes, ficar\u00e1 proibido o encontro entre pessoas que vivam em casas diferentes, e todos os locais de entretenimento ter\u00e3o de permanecer fechados entre 22h e 5h.<\/p>\n<p>Al\u00e9m da Inglaterra, Israel come\u00e7ou a aplicar um segundo &#8220;lockdown&#8221; de sua popula\u00e7\u00e3o nesta sexta-feira devido ao ressurgimento da pandemia no pa\u00eds, que tem a maior taxa de cont\u00e1gio das \u00faltimas duas semanas.<\/p>\n<p>O primeiro-ministro Binyamin Netanyahu alertou sobre &#8220;um aumento preocupante de infec\u00e7\u00f5es e pacientes gravemente doentes&#8221; para justificar o confinamento de tr\u00eas semanas, que coincide com o feriado judaico. Um &#8220;lockdown&#8221; foi imposto no final de mar\u00e7o e levantado em maio com a diminui\u00e7\u00e3o das contamina\u00e7\u00f5es, mas na semana passada os novos casos atingiram m\u00e1ximas di\u00e1rias de mais de 5 mil diagn\u00f3sticos positivos.<\/p>\n<p>A lista dos mortos &#8211; que j\u00e1 s\u00e3o 946.685 no mundo &#8211; \u00e9 encabe\u00e7ada pelos Estados Unidos, com 197.633. Na sequ\u00eancia, Brasil e \u00cdndia somam 134.935 e 84.372 mortes, respectivamente. Quanto ao n\u00famero de casos, os tr\u00eas pa\u00edses tamb\u00e9m ocupam os primeiros lugares do ranking, com Brasil e \u00cdndia invertendo de posi\u00e7\u00e3o.<\/p>\n<p>Nesta semana, a Organiza\u00e7\u00e3o Mundial da Sa\u00fade (OMS) alertou que o n\u00edvel de transmiss\u00e3o da covid-19 na Europa est\u00e1 mais alto do que na primeira onda da pandemia, entre mar\u00e7o e abril. A entidade se declarou preocupada com a redu\u00e7\u00e3o do tempo de quarentena decidida ou planejada por alguns pa\u00edses, como a Fran\u00e7a.<\/p>\n<p>Novos surtos da epidemia e a maior quantidade de testes, em compara\u00e7\u00e3o com a onda de mar\u00e7o-abril, levaram o n\u00famero di\u00e1rio de casos a algo entre 40 mil e 50 mil. Na primeira onda, o dia 1\u00ba de abril registrou o recorde de 43 mil cont\u00e1gios, de acordo com a OMS Europa. O novo recorde absoluto di\u00e1rio foi registrado em 11 de setembro, com 54 mil cont\u00e1gios em 24 horas.<\/p>\n<p>Na \u00c1ustria, que vem apresentando n\u00fameros t\u00e3o altos quanto no primeiro semestre, o premi\u00ea, Sebastian Kurz, admitiu nesta semana que a intensidade dos novos cont\u00e1gios j\u00e1 configura uma segunda onda. O pa\u00eds retomou medidas restritivas. &#8220;A partir de agora, eventos em locais fechados n\u00e3o poder\u00e3o ter mais de 10 pessoas. Estamos diante de um crescimento exponencial de novos casos na \u00c1ustria&#8221;, afirmou o premi\u00ea.<\/p>\n<p><em>&#8220;Os n\u00fameros de setembro deveriam servir de alerta para todos n\u00f3s na Europa, onde o n\u00famero de casos \u00e9 superior aos registrados em mar\u00e7o e abril&#8221;, disse o diretor da OMS no continente, Hans Kluge, que pediu aten\u00e7\u00e3o com a chegada do outono e com o in\u00edcio do ano escolar.<\/em><\/p>\n<p>O governo da Gr\u00e9cia tamb\u00e9m adotou restri\u00e7\u00f5es, fechando bares de m\u00fasica ao vivo por 14 dias e tornando obrigat\u00f3rio o uso de m\u00e1scaras em locais fechados &#8211; p\u00fablicos e privados. Feiras e mercados abertos s\u00f3 poder\u00e3o operar com 50% da capacidade. Al\u00e9m disso, diante do aumento dos cont\u00e1gios, Atenas e sua regi\u00e3o metropolitana foram colocadas em alerta.<\/p>\n<p>Na Espanha, a maior preocupa\u00e7\u00e3o \u00e9 com Madri, a capital que responde por quase um ter\u00e7o dos 122 mil novos casos registrados nas \u00faltimas duas semanas. O Minist\u00e9rio da Sa\u00fade alertou que a capacidade de alguns hospitais madrilenhos est\u00e1 perto do limite. A velocidade dos cont\u00e1gios tamb\u00e9m come\u00e7ou a afetar a capacidade de testagem. Na Espanha, 13% dos testes t\u00eam resultado positivo. Em Madri, o \u00edndice de positividade chega a 22%.<\/p>\n<p>Olivier V\u00e9ran, ministro da Sa\u00fade da Fran\u00e7a, incluiu na quinta-feira, 17, as cidades de Lyon e Nice na lista de &#8220;zonas vermelhas&#8221; do pa\u00eds. O pa\u00eds agora tem 28 departamentos em estado cr\u00edtico, entre eles Paris, Marselha, Bordeaux e Guadalupe, ilha francesa no Caribe. &#8220;Pe\u00e7o que, especialmente nas regi\u00f5es mencionadas, os esfor\u00e7os sejam redobrados e para reduzir o n\u00famero de encontros entre as pessoas&#8221;, afirmou. (Com ag\u00eancias internacionais).<\/p>\n<p>Fonte: Ag\u00eancia Estado<\/p>\n","protected":false},"excerpt":{"rendered":"<p>Brasil tem 135.203 mortes por coronav\u00edrus e 4.466.828 casos confirmados, nesta sexta-feira (18) Os cont\u00e1gios de covid-19 no planeta superaram a marca dos 30 milh\u00f5es,&#8230;<\/p>\n","protected":false},"author":1182,"featured_media":30452,"comment_status":"closed","ping_status":"closed","sticky":false,"template":"","format":"standard","meta":{"footnotes":""},"categories":[6],"tags":[61,2752,2751,2886,266,1460,1005,1375,3835],"class_list":["post-31651","post","type-post","status-publish","format-standard","has-post-thumbnail","hentry","category-noticias","tag-brasil","tag-coronavirus","tag-covid-19","tag-espanha","tag-eua","tag-infectados","tag-mortes","tag-populacao","tag-reino-unido"],"_links":{"self":[{"href":"https:\/\/www.sincomam.org.br\/index.php\/wp-json\/wp\/v2\/posts\/31651","targetHints":{"allow":["GET"]}}],"collection":[{"href":"https:\/\/www.sincomam.org.br\/index.php\/wp-json\/wp\/v2\/posts"}],"about":[{"href":"https:\/\/www.sincomam.org.br\/index.php\/wp-json\/wp\/v2\/types\/post"}],"author":[{"embeddable":true,"href":"https:\/\/www.sincomam.org.br\/index.php\/wp-json\/wp\/v2\/users\/1182"}],"replies":[{"embeddable":true,"href":"https:\/\/www.sincomam.org.br\/index.php\/wp-json\/wp\/v2\/comments?post=31651"}],"version-history":[{"count":1,"href":"https:\/\/www.sincomam.org.br\/index.php\/wp-json\/wp\/v2\/posts\/31651\/revisions"}],"predecessor-version":[{"id":31652,"href":"https:\/\/www.sincomam.org.br\/index.php\/wp-json\/wp\/v2\/posts\/31651\/revisions\/31652"}],"wp:featuredmedia":[{"embeddable":true,"href":"https:\/\/www.sincomam.org.br\/index.php\/wp-json\/wp\/v2\/media\/30452"}],"wp:attachment":[{"href":"https:\/\/www.sincomam.org.br\/index.php\/wp-json\/wp\/v2\/media?parent=31651"}],"wp:term":[{"taxonomy":"category","embeddable":true,"href":"https:\/\/www.sincomam.org.br\/index.php\/wp-json\/wp\/v2\/categories?post=31651"},{"taxonomy":"post_tag","embeddable":true,"href":"https:\/\/www.sincomam.org.br\/index.php\/wp-json\/wp\/v2\/tags?post=31651"}],"curies":[{"name":"wp","href":"https:\/\/api.w.org\/{rel}","templated":true}]}}