{"id":31648,"date":"2020-09-18T12:23:02","date_gmt":"2020-09-18T15:23:02","guid":{"rendered":"http:\/\/www.sincomam.org.br\/?p=31648"},"modified":"2020-09-18T12:23:02","modified_gmt":"2020-09-18T15:23:02","slug":"ibge-desemprego-na-pandemia-atinge-maior-patamar-em-agosto","status":"publish","type":"post","link":"https:\/\/www.sincomam.org.br\/index.php\/ibge-desemprego-na-pandemia-atinge-maior-patamar-em-agosto\/","title":{"rendered":"IBGE: desemprego na pandemia atinge maior patamar em agosto"},"content":{"rendered":"<p><strong><em>A taxa de desocupa\u00e7\u00e3o atingiu 14,3%, na quarta semana do m\u00eas<\/em><\/strong><\/p>\n<p>A taxa de desocupa\u00e7\u00e3o atingiu 14,3%, na quarta semana de agosto, um aumento de 1,1 ponto percentual frente \u00e0 semana anterior (13,2%), alcan\u00e7ando o maior patamar da s\u00e9rie hist\u00f3rica da Pesquisa Nacional por Amostra de Domic\u00edlios (Pnad) covid-19, iniciada em maio.<\/p>\n<p>Essa alta acompanha o aumento na popula\u00e7\u00e3o desocupada na semana, representando cerca de 1,1 milh\u00e3o a mais de pessoas \u00e0 procura de trabalho no pa\u00eds, totalizando 13,7 milh\u00f5es de desempregados. Os dados foram divulgados hoje (18) pelo Instituto Brasileiro de Geografia e Estat\u00edstica (IBGE).<\/p>\n<p>A popula\u00e7\u00e3o fora da for\u00e7a de trabalho (que n\u00e3o estava trabalhando nem procurava por trabalho) era de 74,4 milh\u00f5es de pessoas, mantendo-se est\u00e1vel em rela\u00e7\u00e3o \u00e0 semana anterior (75 milh\u00f5es) e, tamb\u00e9m, frente \u00e0 semana de 3 a 9 de maio (76,2 milh\u00f5es). Nessa popula\u00e7\u00e3o, disseram que gostariam de trabalhar cerca de 26,7 milh\u00f5es de pessoas (ou 35,8% da popula\u00e7\u00e3o fora da for\u00e7a de trabalho). Esse contingente ficou est\u00e1vel frente \u00e0 semana anterior (26,9 milh\u00f5es ou 35,9%) e \u00e0 semana de 3 a 9 de maio (27,1 milh\u00f5es ou 35,5%).<\/p>\n<p>Cerca de 16,8 milh\u00f5es de pessoas fora da for\u00e7a que gostariam de trabalhar e n\u00e3o procuraram trabalho n\u00e3o o fizeram por causa da pandemia ou por n\u00e3o encontrarem uma ocupa\u00e7\u00e3o na localidade em que moravam. Elas correspondiam a 22,6% das pessoas fora da for\u00e7a. Esse contingente permaneceu est\u00e1vel em rela\u00e7\u00e3o \u00e0 semana anterior (17,1 milh\u00f5es ou 22,9%), mas diminuiu frente \u00e0 semana de 3 a 9 de maio (19,1 milh\u00f5es ou 25,1%).<\/p>\n<p>A coordenadora da pesquisa, Maria Lucia Vieira, destaca o crescimento da taxa de desocupa\u00e7\u00e3o, que era de 10,5% no in\u00edcio de maio, e explica que a alta se deve tanto \u00e0s varia\u00e7\u00f5es negativas da popula\u00e7\u00e3o ocupada quanto ao aumento de pessoas que passaram a buscar trabalho.<\/p>\n<p><em>\u201cNo in\u00edcio de maio, todo mundo estava afastado, em distanciamento social, e n\u00e3o tinha uma forte procura [por emprego]. O mercado de trabalho estava em ritmo de espera para ver como as coisas iam se desenrolar. As empresas estavam fechadas e n\u00e3o tinha local onde essas pessoas pudessem trabalhar. Ent\u00e3o, \u00e0 medida que o distanciamento social vai sendo afrouxado, elas v\u00e3o retornando ao mercado de trabalho em busca de atividades\u201d, disse, em nota, a pesquisadora.<\/em><\/p>\n<p><strong>Isolamento social<\/strong><\/p>\n<p>A pesquisa tamb\u00e9m indica mudan\u00e7a no comportamento da popula\u00e7\u00e3o em rela\u00e7\u00e3o \u00e0s medidas de isolamento social. Segundo o IBGE, o n\u00famero de pessoas que ficaram rigorosamente isoladas diminuiu pela segunda semana seguida. Entre 23 e 29 de agosto, 38,9 milh\u00f5es de pessoas seguiram essa medida de isolamento, uma queda de 6,5% em rela\u00e7\u00e3o aos 41,6 milh\u00f5es que estavam nessa situa\u00e7\u00e3o na semana anterior.<\/p>\n<p>O n\u00famero de pessoas ocupadas que estavam afastadas do trabalho por causa das medidas de isolamento social foi reduzido em 363 mil e esse contingente passou a 3,6 milh\u00f5es. As pessoas que est\u00e3o nessa situa\u00e7\u00e3o agora representam 4,4% de toda a popula\u00e7\u00e3o ocupada, estimada em 82,2 milh\u00f5es. Dos 76,1 milh\u00f5es de pessoas que estavam ocupadas e n\u00e3o foram afastadas do trabalho, 8,3 milh\u00f5es trabalhavam remotamente.<\/p>\n<p><strong>Estudantes sem atividades escolares<\/strong><\/p>\n<p>A pesquisa estima em 45,6 milh\u00f5es o n\u00famero de estudantes matriculados em escolas ou universidades na quarta semana de agosto. Desse total, 7,2 milh\u00f5es (15,8%) n\u00e3o realizaram atividades escolares em casa no per\u00edodo. O n\u00famero permaneceu est\u00e1vel em rela\u00e7\u00e3o \u00e0 semana anterior. As f\u00e9rias foram apontadas como motivo para 970 mil alunos n\u00e3o realizarem atividades escolares.<\/p>\n<p>Fonte: Ag\u00eancia Brasil\/ Foto: Rovena Rosa-Ag\u00eancia Brasil<\/p>\n","protected":false},"excerpt":{"rendered":"<p>A taxa de desocupa\u00e7\u00e3o atingiu 14,3%, na quarta semana do m\u00eas A taxa de desocupa\u00e7\u00e3o atingiu 14,3%, na quarta semana de agosto, um aumento de&#8230;<\/p>\n","protected":false},"author":1182,"featured_media":31649,"comment_status":"closed","ping_status":"closed","sticky":false,"template":"","format":"standard","meta":{"footnotes":""},"categories":[6],"tags":[3267,61,2752,2751,1788,833,3834,1848,3833],"class_list":["post-31648","post","type-post","status-publish","format-standard","has-post-thumbnail","hentry","category-noticias","tag-agosto","tag-brasil","tag-coronavirus","tag-covid-19","tag-crise","tag-desemprego","tag-desocupacao","tag-ibge","tag-patamar"],"_links":{"self":[{"href":"https:\/\/www.sincomam.org.br\/index.php\/wp-json\/wp\/v2\/posts\/31648","targetHints":{"allow":["GET"]}}],"collection":[{"href":"https:\/\/www.sincomam.org.br\/index.php\/wp-json\/wp\/v2\/posts"}],"about":[{"href":"https:\/\/www.sincomam.org.br\/index.php\/wp-json\/wp\/v2\/types\/post"}],"author":[{"embeddable":true,"href":"https:\/\/www.sincomam.org.br\/index.php\/wp-json\/wp\/v2\/users\/1182"}],"replies":[{"embeddable":true,"href":"https:\/\/www.sincomam.org.br\/index.php\/wp-json\/wp\/v2\/comments?post=31648"}],"version-history":[{"count":1,"href":"https:\/\/www.sincomam.org.br\/index.php\/wp-json\/wp\/v2\/posts\/31648\/revisions"}],"predecessor-version":[{"id":31650,"href":"https:\/\/www.sincomam.org.br\/index.php\/wp-json\/wp\/v2\/posts\/31648\/revisions\/31650"}],"wp:featuredmedia":[{"embeddable":true,"href":"https:\/\/www.sincomam.org.br\/index.php\/wp-json\/wp\/v2\/media\/31649"}],"wp:attachment":[{"href":"https:\/\/www.sincomam.org.br\/index.php\/wp-json\/wp\/v2\/media?parent=31648"}],"wp:term":[{"taxonomy":"category","embeddable":true,"href":"https:\/\/www.sincomam.org.br\/index.php\/wp-json\/wp\/v2\/categories?post=31648"},{"taxonomy":"post_tag","embeddable":true,"href":"https:\/\/www.sincomam.org.br\/index.php\/wp-json\/wp\/v2\/tags?post=31648"}],"curies":[{"name":"wp","href":"https:\/\/api.w.org\/{rel}","templated":true}]}}