{"id":31644,"date":"2020-09-18T12:00:57","date_gmt":"2020-09-18T15:00:57","guid":{"rendered":"http:\/\/www.sincomam.org.br\/?p=31644"},"modified":"2020-09-18T15:16:31","modified_gmt":"2020-09-18T18:16:31","slug":"caixa-paga-auxilio-emergencial-para-4-milhoes-nascidos-em-julho","status":"publish","type":"post","link":"https:\/\/www.sincomam.org.br\/index.php\/caixa-paga-auxilio-emergencial-para-4-milhoes-nascidos-em-julho\/","title":{"rendered":"Caixa paga aux\u00edlio emergencial para 4 milh\u00f5es nascidos em julho"},"content":{"rendered":"<p><strong><em>Pagamento faz parte do ciclo 2 do beneef\u00edcio<\/em><\/strong><\/p>\n<p>A Caixa Econ\u00f4mica Federal paga nesta sexta-feira (18) o aux\u00edlio emergencial para 4 milh\u00f5es de benefici\u00e1rios nascidos em julho. O pagamento de hoje faz parte do ciclo 2, que come\u00e7ou pelos benefici\u00e1rios nascidos em janeiro, no dia 28 de agosto. Essa etapa de pagamentos vai at\u00e9 27 de outubro.<img decoding=\"async\" src=\"https:\/\/agenciabrasil.ebc.com.br\/ebc.png?id=1388310&amp;o=node\" \/><img decoding=\"async\" src=\"https:\/\/agenciabrasil.ebc.com.br\/ebc.gif?id=1388310&amp;o=node\" \/><\/p>\n<p>Neste ciclo, mais tr\u00eas grupos foram inclu\u00eddos: trabalhadores que fizeram o cadastro nas ag\u00eancias dos Correios entre 2 de junho e 8 de julho; trabalhadores que fizeram a contesta\u00e7\u00e3o pelo site da Caixa ou App Caixa Aux\u00edlio Emergencial de 3 de julho a 16 de agosto e foram considerados eleg\u00edveis; benefici\u00e1rios que tenham recebido a primeira parcela em meses anteriores, mas que tiveram o benef\u00edcio reavaliado em agosto. No caso das reavalia\u00e7\u00f5es, o benef\u00edcio foi liberado novamente para 148 mil pessoas.<\/p>\n<p>Os recursos podem ser movimentados por meio do aplicativo Caixa Tem. Com ele \u00e9 poss\u00edvel pagar boletos e fazer compras na internet e nas maquininhas em mais de 1 milh\u00e3o de estabelecimentos comerciais.<\/p>\n<p>O calend\u00e1rio de pagamentos do aux\u00edlio emergencial \u00e9 organizado em ciclos de cr\u00e9dito em conta poupan\u00e7a social digital e de saque em esp\u00e9cie. Os benefici\u00e1rios recebem a parcela a que t\u00eam direito no per\u00edodo de acordo com o m\u00eas de nascimento. Para os benefici\u00e1rios nascidos em julho, os saques e transfer\u00eancias ser\u00e3o liberados no dia 8 de outubro.<\/p>\n<p>Fonte: Ag\u00eancia Brasil<\/p>\n","protected":false},"excerpt":{"rendered":"<p>Pagamento faz parte do ciclo 2 do beneef\u00edcio A Caixa Econ\u00f4mica Federal paga nesta sexta-feira (18) o aux\u00edlio emergencial para 4 milh\u00f5es de benefici\u00e1rios nascidos&#8230;<\/p>\n","protected":false},"author":1182,"featured_media":31515,"comment_status":"closed","ping_status":"closed","sticky":false,"template":"","format":"standard","meta":{"footnotes":""},"categories":[6],"tags":[1757,390,432,3401,3099,204],"class_list":["post-31644","post","type-post","status-publish","format-standard","has-post-thumbnail","hentry","category-noticias","tag-auxilio","tag-caixa","tag-emergencial","tag-julho","tag-nascimento","tag-pagamento"],"_links":{"self":[{"href":"https:\/\/www.sincomam.org.br\/index.php\/wp-json\/wp\/v2\/posts\/31644","targetHints":{"allow":["GET"]}}],"collection":[{"href":"https:\/\/www.sincomam.org.br\/index.php\/wp-json\/wp\/v2\/posts"}],"about":[{"href":"https:\/\/www.sincomam.org.br\/index.php\/wp-json\/wp\/v2\/types\/post"}],"author":[{"embeddable":true,"href":"https:\/\/www.sincomam.org.br\/index.php\/wp-json\/wp\/v2\/users\/1182"}],"replies":[{"embeddable":true,"href":"https:\/\/www.sincomam.org.br\/index.php\/wp-json\/wp\/v2\/comments?post=31644"}],"version-history":[{"count":1,"href":"https:\/\/www.sincomam.org.br\/index.php\/wp-json\/wp\/v2\/posts\/31644\/revisions"}],"predecessor-version":[{"id":31645,"href":"https:\/\/www.sincomam.org.br\/index.php\/wp-json\/wp\/v2\/posts\/31644\/revisions\/31645"}],"wp:featuredmedia":[{"embeddable":true,"href":"https:\/\/www.sincomam.org.br\/index.php\/wp-json\/wp\/v2\/media\/31515"}],"wp:attachment":[{"href":"https:\/\/www.sincomam.org.br\/index.php\/wp-json\/wp\/v2\/media?parent=31644"}],"wp:term":[{"taxonomy":"category","embeddable":true,"href":"https:\/\/www.sincomam.org.br\/index.php\/wp-json\/wp\/v2\/categories?post=31644"},{"taxonomy":"post_tag","embeddable":true,"href":"https:\/\/www.sincomam.org.br\/index.php\/wp-json\/wp\/v2\/tags?post=31644"}],"curies":[{"name":"wp","href":"https:\/\/api.w.org\/{rel}","templated":true}]}}