{"id":31632,"date":"2020-09-17T10:14:02","date_gmt":"2020-09-17T13:14:02","guid":{"rendered":"http:\/\/www.sincomam.org.br\/?p=31632"},"modified":"2020-09-17T10:14:02","modified_gmt":"2020-09-17T13:14:02","slug":"furacao-sally-causa-morte-e-estragos-no-sul-dos-eua","status":"publish","type":"post","link":"https:\/\/www.sincomam.org.br\/index.php\/furacao-sally-causa-morte-e-estragos-no-sul-dos-eua\/","title":{"rendered":"Furac\u00e3o Sally causa morte e estragos no sul dos EUA"},"content":{"rendered":"<p><strong><em>O pa\u00eds est\u00e1 em alerta porque h\u00e1 cinco tempestades tropicais ao mesmo tempo passando pelo Golfo do M\u00e9xico<\/em><\/strong><\/p>\n<p>A passagem do furac\u00e3o Sally nos Estados Unidos matou uma pessoa e deixou outra desaparecida nesta quarta-feira (16) no Alabama, disse o prefeito Tony Kennon, de Orange Beach. Outras centenas de moradores da regi\u00e3o precisaram de resgate.<\/p>\n<p>Orange Beach, na costa sul dos EUA, sofreu com inunda\u00e7\u00f5es dos canais que cortam os bairros da cidade. O Centro Nacional de Furac\u00f5es (NHC, na sigla em ingl\u00eas) informou \u00e0s 6h45 de Bras\u00edlia que o fen\u00f4meno, de categoria 2 em uma escala at\u00e9 5, registra ventos de at\u00e9 165 quil\u00f4metros por hora.<\/p>\n<p>Al\u00e9m do Alabama, a Fl\u00f3rida se prepara para os efeitos do furac\u00e3o \u2014 o governador do estado, Ron DeSantis disse que chuvas fortes e inunda\u00e7\u00f5es est\u00e3o previstas para o interior do estado nos pr\u00f3ximos dias. Em Pensacola, ruas inteiras ficaram alagadas.<\/p>\n<p>Quase 75 mil casas no Alabama e Fl\u00f3rida estavam sem energia el\u00e9trica na ter\u00e7a-feira \u00e0 noite, de acordo com o Weather Channel.<\/p>\n<p><strong>Outros fen\u00f4menos<\/strong><\/p>\n<p>Al\u00e9m de Sally est\u00e3o em atividade o furac\u00e3o Paulette, as tempestades tropicais Teddy e Vicky e a depress\u00e3o tropical Rene.<\/p>\n<p>Paulette atingiu a ilha de Bermudas na segunda-feira com ventos de categoria 2 e fortes chuvas, segundo o NHC. O centro prev\u00ea que a tempestade tropical Teddy, atualmente no meio do Atl\u00e2ntico, se tornar\u00e1 um furac\u00e3o.<\/p>\n<p>Fonte: G1 Mundo \/ Foto: divulga\u00e7\u00e3o &#8211; Imagem de sat\u00e9lite mostra o furac\u00e3o Sally no Golfo do M\u00e9xico<\/p>\n","protected":false},"excerpt":{"rendered":"<p>O pa\u00eds est\u00e1 em alerta porque h\u00e1 cinco tempestades tropicais ao mesmo tempo passando pelo Golfo do M\u00e9xico A passagem do furac\u00e3o Sally nos Estados&#8230;<\/p>\n","protected":false},"author":1182,"featured_media":31633,"comment_status":"closed","ping_status":"closed","sticky":false,"template":"","format":"standard","meta":{"footnotes":""},"categories":[6],"tags":[211,266,3724,1756,3825,3827,3676,3826,3828],"class_list":["post-31632","post","type-post","status-publish","format-standard","has-post-thumbnail","hentry","category-noticias","tag-destruicao","tag-eua","tag-furacao","tag-morte","tag-paulette","tag-teddy","tag-tempestades","tag-tropical","tag-vicky"],"_links":{"self":[{"href":"https:\/\/www.sincomam.org.br\/index.php\/wp-json\/wp\/v2\/posts\/31632","targetHints":{"allow":["GET"]}}],"collection":[{"href":"https:\/\/www.sincomam.org.br\/index.php\/wp-json\/wp\/v2\/posts"}],"about":[{"href":"https:\/\/www.sincomam.org.br\/index.php\/wp-json\/wp\/v2\/types\/post"}],"author":[{"embeddable":true,"href":"https:\/\/www.sincomam.org.br\/index.php\/wp-json\/wp\/v2\/users\/1182"}],"replies":[{"embeddable":true,"href":"https:\/\/www.sincomam.org.br\/index.php\/wp-json\/wp\/v2\/comments?post=31632"}],"version-history":[{"count":1,"href":"https:\/\/www.sincomam.org.br\/index.php\/wp-json\/wp\/v2\/posts\/31632\/revisions"}],"predecessor-version":[{"id":31634,"href":"https:\/\/www.sincomam.org.br\/index.php\/wp-json\/wp\/v2\/posts\/31632\/revisions\/31634"}],"wp:featuredmedia":[{"embeddable":true,"href":"https:\/\/www.sincomam.org.br\/index.php\/wp-json\/wp\/v2\/media\/31633"}],"wp:attachment":[{"href":"https:\/\/www.sincomam.org.br\/index.php\/wp-json\/wp\/v2\/media?parent=31632"}],"wp:term":[{"taxonomy":"category","embeddable":true,"href":"https:\/\/www.sincomam.org.br\/index.php\/wp-json\/wp\/v2\/categories?post=31632"},{"taxonomy":"post_tag","embeddable":true,"href":"https:\/\/www.sincomam.org.br\/index.php\/wp-json\/wp\/v2\/tags?post=31632"}],"curies":[{"name":"wp","href":"https:\/\/api.w.org\/{rel}","templated":true}]}}