{"id":31630,"date":"2020-09-17T09:57:49","date_gmt":"2020-09-17T12:57:49","guid":{"rendered":"http:\/\/www.sincomam.org.br\/?p=31630"},"modified":"2020-09-17T09:59:26","modified_gmt":"2020-09-17T12:59:26","slug":"auxilio-emergencial-governo-publica-decreto-que-regulamenta-parcelas-de-r-300","status":"publish","type":"post","link":"https:\/\/www.sincomam.org.br\/index.php\/auxilio-emergencial-governo-publica-decreto-que-regulamenta-parcelas-de-r-300\/","title":{"rendered":"Aux\u00edlio Emergencial: governo publica decreto que regulamenta parcelas de R$ 300"},"content":{"rendered":"<p><strong><em>Decreto deixa claro que ajuda do governo s\u00f3 vai at\u00e9 31 de dezembro<\/em><\/strong><\/p>\n<p>O Minist\u00e9rio da Cidadania publicou decreto que regulamenta as regras da prorroga\u00e7\u00e3o do Aux\u00edlio Emergencial, que estabelece o pagamento de at\u00e9 4 parcelas de R$ 300. O ato foi publicado em edi\u00e7\u00e3o extra do Di\u00e1rio Oficial da Uni\u00e3o desta quarta-feira (16).<\/p>\n<p>O chamado Aux\u00edlio Emergencial Residual foi oficializado em Medida Provis\u00f3ria publicada no in\u00edcio deste m\u00eas. A medida endureceu as regras e restringiu o acesso ao benef\u00edcio. O novo decreto afirma que o aux\u00edlio emergencial residual ser\u00e1 pago s\u00f3 at\u00e9 31 de dezembro &#8220;independentemente do n\u00famero de parcelas recebidas pelo benefici\u00e1rio&#8221;.<\/p>\n<p>O texto esclarece tamb\u00e9m que benefici\u00e1rios que come\u00e7aram a receber ap\u00f3s abril ter\u00e3o direito a menos parcelas de R$ 300. O decreto prev\u00ea, por\u00e9m, uma exce\u00e7\u00e3o. &#8220;Caso n\u00e3o seja poss\u00edvel verificar a elegibilidade ao aux\u00edlio emergencial residual em raz\u00e3o da aus\u00eancia de informa\u00e7\u00f5es fornecidas pelo Poder P\u00fablico, ser\u00e3o devidas, de forma retroativa, as parcelas a que o trabalhador fizer jus&#8221;, diz o texto.<\/p>\n<p>Pelas regras dessa segunda fase do programa, quem passou a receber a partir de julho, por exemplo, ter\u00e1 direito \u00e0s cinco parcelas de R$ 600 e a mais uma parcela do novo benef\u00edcio, que ser\u00e1 paga no m\u00eas de dezembro, explicou o Minist\u00e9rio da Cidadania nesta semana.<\/p>\n<p>Para os benefici\u00e1rios do programa Bolsa Fam\u00edlia o pagamento da primeira das 4 parcelas de R$ 300 come\u00e7ou nesta quinta-feira (17). Os primeiros a receber s\u00e3o aqueles cujo n\u00famero final do NIS \u00e9 1. O calend\u00e1rio, sempre pela numera\u00e7\u00e3o do benef\u00edcio, segue at\u00e9 30 de setembro<\/p>\n<p><strong>Menos benefici\u00e1rios<\/strong><\/p>\n<p>Al\u00e9m do menor n\u00famero de parcelas para parte dos benefici\u00e1rios, o Aux\u00edlio Emergencial Residual tamb\u00e9m vai atingir menos trabalhadores. As novas regras definidas para a prorroga\u00e7\u00e3o restringem o pagamento para algumas pessoas.<\/p>\n<p>De acordo com o decreto, n\u00e3o vai receber parcelas de R$ 300 quem:<\/p>\n<ol>\n<li>Tenha v\u00ednculo de emprego formal ativo adquirido ap\u00f3s o recebimento do aux\u00edlio emergencial;<\/li>\n<li>Receba benef\u00edcio previdenci\u00e1rio ou assistencial ou benef\u00edcio do seguro-desemprego ou de programa de transfer\u00eancia de renda federal;<\/li>\n<li>Tenha renda familiar mensal per capita acima de meio sal\u00e1rio-m\u00ednimo e renda familiar mensal total acima de 3 sal\u00e1rios-m\u00ednimos<\/li>\n<li>Seja residente no exterior;<\/li>\n<li>Tenha recebido, no ano de 2019, rendimentos tribut\u00e1veis acima de R$ 28.559,70;<\/li>\n<li>Tinha, em 31 de dezembro de 2019, a posse ou a propriedade de bens ou direitos, inclu\u00edda a terra nua, de valor total superior a R$ 300 mil;<\/li>\n<li>Tenha recebido, no ano de 2019, rendimentos isentos, n\u00e3o tribut\u00e1veis ou tributados exclusivamente na fonte, cuja soma tenha sido superior a R$ 40 mil;<\/li>\n<li>Tenha sido inclu\u00eddo, no ano de 2019, como dependente de declarante do Imposto sobre a Renda;<\/li>\n<li>Esteja preso em regime fechado;<\/li>\n<li>Tenha menos de 18 anos de idade, exceto no caso de m\u00e3es adolescentes;<\/li>\n<li>Possua indicativo de \u00f3bito nas bases de dados do governo federal.<\/li>\n<\/ol>\n<p>O novo decreto esclarece, entretanto, que &#8220;n\u00e3o est\u00e3o impedidos de receber o aux\u00edlio emergencial residual, residentes m\u00e9dicos e multiprofissionais, benefici\u00e1rios de bolsa de estudos da Coordena\u00e7\u00e3o de Aperfei\u00e7oamento de Pessoal de N\u00edvel Superior &#8211; Capes, de assist\u00eancia estudantil, do Fundo de Financiamento Estudantil &#8211; Fies e de benef\u00edcios an\u00e1logos&#8221;.<\/p>\n<p>A mulher chefe de fam\u00edlia monoparental continua tendo direito ao benef\u00edcio dobrado, ou seja, receber\u00e1 o valor de R$ 600. O limite de duas cotas do aux\u00edlio por fam\u00edlia tamb\u00e9m continua valendo.<\/p>\n<p>A Caixa Econ\u00f4mica Federal informou nesta quarta que j\u00e1 foram pagos R$ 197 bilh\u00f5es do Aux\u00edlio Emergencial para 67,2 milh\u00f5es de brasileiros, num total de 281 milh\u00f5es de pagamentos.<\/p>\n<p>O decreto desta quarta estabelece que os recursos n\u00e3o sacados das poupan\u00e7as sociais digitais abertas e n\u00e3o movimentadas retornar\u00e3o para a Uni\u00e3o no prazo de 260 dias.<\/p>\n<p>Fonte: G1 Economia<\/p>\n","protected":false},"excerpt":{"rendered":"<p>Decreto deixa claro que ajuda do governo s\u00f3 vai at\u00e9 31 de dezembro O Minist\u00e9rio da Cidadania publicou decreto que regulamenta as regras da prorroga\u00e7\u00e3o&#8230;<\/p>\n","protected":false},"author":1182,"featured_media":29243,"comment_status":"closed","ping_status":"closed","sticky":false,"template":"","format":"standard","meta":{"footnotes":""},"categories":[6],"tags":[1757,2377,1061,390,1597,432,192,204,1654,1538],"class_list":["post-31630","post","type-post","status-publish","format-standard","has-post-thumbnail","hentry","category-noticias","tag-auxilio","tag-beneficio","tag-bolsa-familia","tag-caixa","tag-decreto","tag-emergencial","tag-governo","tag-pagamento","tag-prorrogacao","tag-trabalhador"],"_links":{"self":[{"href":"https:\/\/www.sincomam.org.br\/index.php\/wp-json\/wp\/v2\/posts\/31630","targetHints":{"allow":["GET"]}}],"collection":[{"href":"https:\/\/www.sincomam.org.br\/index.php\/wp-json\/wp\/v2\/posts"}],"about":[{"href":"https:\/\/www.sincomam.org.br\/index.php\/wp-json\/wp\/v2\/types\/post"}],"author":[{"embeddable":true,"href":"https:\/\/www.sincomam.org.br\/index.php\/wp-json\/wp\/v2\/users\/1182"}],"replies":[{"embeddable":true,"href":"https:\/\/www.sincomam.org.br\/index.php\/wp-json\/wp\/v2\/comments?post=31630"}],"version-history":[{"count":1,"href":"https:\/\/www.sincomam.org.br\/index.php\/wp-json\/wp\/v2\/posts\/31630\/revisions"}],"predecessor-version":[{"id":31631,"href":"https:\/\/www.sincomam.org.br\/index.php\/wp-json\/wp\/v2\/posts\/31630\/revisions\/31631"}],"wp:featuredmedia":[{"embeddable":true,"href":"https:\/\/www.sincomam.org.br\/index.php\/wp-json\/wp\/v2\/media\/29243"}],"wp:attachment":[{"href":"https:\/\/www.sincomam.org.br\/index.php\/wp-json\/wp\/v2\/media?parent=31630"}],"wp:term":[{"taxonomy":"category","embeddable":true,"href":"https:\/\/www.sincomam.org.br\/index.php\/wp-json\/wp\/v2\/categories?post=31630"},{"taxonomy":"post_tag","embeddable":true,"href":"https:\/\/www.sincomam.org.br\/index.php\/wp-json\/wp\/v2\/tags?post=31630"}],"curies":[{"name":"wp","href":"https:\/\/api.w.org\/{rel}","templated":true}]}}