{"id":31609,"date":"2020-09-16T11:14:38","date_gmt":"2020-09-16T14:14:38","guid":{"rendered":"http:\/\/www.sincomam.org.br\/?p=31609"},"modified":"2020-09-16T11:14:38","modified_gmt":"2020-09-16T14:14:38","slug":"embarque-da-plataforma-de-ventilacao-no-submarino-tonelero-e-realizada-em-itaguai","status":"publish","type":"post","link":"https:\/\/www.sincomam.org.br\/index.php\/embarque-da-plataforma-de-ventilacao-no-submarino-tonelero-e-realizada-em-itaguai\/","title":{"rendered":"Embarque da Plataforma de Ventila\u00e7\u00e3o no Submarino \u201cTonelero\u201d \u00e9 realizada em Itagua\u00ed"},"content":{"rendered":"<p>A Marinha do Brasil (MB) informou que, no dia 14 de setembro, foi realizado o embarque da plataforma (cradle) de ventila\u00e7\u00e3o no interior do Submarino \u201cTonelero\u201d (SBR-3), na Unidade de Fabrica\u00e7\u00e3o de Estruturas Met\u00e1licas (UFEM), em Itagua\u00ed (RJ). O equipamento foi embarcado na 2\u00aa Se\u00e7\u00e3o do casco resistente, materializando mais um marco no processo de constru\u00e7\u00e3o da terceira unidade dos submarinos classe \u201cRiachuelo\u201d.<\/p>\n<p>Segundo a Marinha, a fabrica\u00e7\u00e3o dessa classe de submarinos \u00e9 feita por encaixes de cradles pr\u00e9-montados, completando o interior das se\u00e7\u00f5es. \u201cOs cradles s\u00e3o produzidos integralmente na UFEM, consolidando uma conquista tecnol\u00f3gica importante dessa estrat\u00e9gica c\u00e9lula da Base Industrial de Defesa, em sua contribui\u00e7\u00e3o para o desenvolvimento Cient\u00edfico, Tecnol\u00f3gico e de Inova\u00e7\u00e3o do Pa\u00eds\u201d, disse em comunicado.<\/p>\n<p><strong>Avan\u00e7os<\/strong><\/p>\n<p>O Programa de Desenvolvimento de Submarinos (PROSUB) tamb\u00e9m contempla a constru\u00e7\u00e3o do \u201cAngostura\u201d (SBR-4), o quarto submarino com propuls\u00e3o diesel-el\u00e9trica do Programa, e ainda este ano da constru\u00e7\u00e3o da Se\u00e7\u00e3o de Qualifica\u00e7\u00e3o do \u201c\u00c1lvaro Alberto\u201d (SN-BR), primeiro submarino convencional com propuls\u00e3o nuclear do Brasil.<\/p>\n<p><em>\u201cMediante essa gama de realiza\u00e7\u00f5es, o Brasil caminha para consolidar sua ind\u00fastria de Defesa com benef\u00edcios diretos para outros setores da economia, alcan\u00e7ando uma posi\u00e7\u00e3o de destaque no seleto grupo de pa\u00edses que projetam e constroem submarinos\u201d, completou a Marinha, em comunicado.<\/em><\/p>\n<p><em>Foto: divulga\u00e7\u00e3o MB\/T\u00e9cnicos da Itagua\u00ed Constru\u00e7\u00f5es Navais gerenciam o embarque do Cradle de Ventila\u00e7\u00e3o no Submarino &#8220;Tonelero&#8221;<\/em><\/p>\n","protected":false},"excerpt":{"rendered":"<p>A Marinha do Brasil (MB) informou que, no dia 14 de setembro, foi realizado o embarque da plataforma (cradle) de ventila\u00e7\u00e3o no interior do Submarino&#8230;<\/p>\n","protected":false},"author":1182,"featured_media":31610,"comment_status":"closed","ping_status":"closed","sticky":false,"template":"","format":"standard","meta":{"footnotes":""},"categories":[6],"tags":[131,509,3120,67,186,430,3295,3820],"class_list":["post-31609","post","type-post","status-publish","format-standard","has-post-thumbnail","hentry","category-noticias","tag-construcao","tag-embarque","tag-itaguai","tag-naval","tag-plataforma","tag-submarino","tag-tonelero","tag-ventilacao"],"_links":{"self":[{"href":"https:\/\/www.sincomam.org.br\/index.php\/wp-json\/wp\/v2\/posts\/31609","targetHints":{"allow":["GET"]}}],"collection":[{"href":"https:\/\/www.sincomam.org.br\/index.php\/wp-json\/wp\/v2\/posts"}],"about":[{"href":"https:\/\/www.sincomam.org.br\/index.php\/wp-json\/wp\/v2\/types\/post"}],"author":[{"embeddable":true,"href":"https:\/\/www.sincomam.org.br\/index.php\/wp-json\/wp\/v2\/users\/1182"}],"replies":[{"embeddable":true,"href":"https:\/\/www.sincomam.org.br\/index.php\/wp-json\/wp\/v2\/comments?post=31609"}],"version-history":[{"count":1,"href":"https:\/\/www.sincomam.org.br\/index.php\/wp-json\/wp\/v2\/posts\/31609\/revisions"}],"predecessor-version":[{"id":31611,"href":"https:\/\/www.sincomam.org.br\/index.php\/wp-json\/wp\/v2\/posts\/31609\/revisions\/31611"}],"wp:featuredmedia":[{"embeddable":true,"href":"https:\/\/www.sincomam.org.br\/index.php\/wp-json\/wp\/v2\/media\/31610"}],"wp:attachment":[{"href":"https:\/\/www.sincomam.org.br\/index.php\/wp-json\/wp\/v2\/media?parent=31609"}],"wp:term":[{"taxonomy":"category","embeddable":true,"href":"https:\/\/www.sincomam.org.br\/index.php\/wp-json\/wp\/v2\/categories?post=31609"},{"taxonomy":"post_tag","embeddable":true,"href":"https:\/\/www.sincomam.org.br\/index.php\/wp-json\/wp\/v2\/tags?post=31609"}],"curies":[{"name":"wp","href":"https:\/\/api.w.org\/{rel}","templated":true}]}}