{"id":31605,"date":"2020-09-16T11:02:26","date_gmt":"2020-09-16T14:02:26","guid":{"rendered":"http:\/\/www.sincomam.org.br\/?p=31605"},"modified":"2020-09-16T11:02:39","modified_gmt":"2020-09-16T14:02:39","slug":"china-ameaca-suspender-importacao-de-congelados-em-caso-de-positivo-para-coronavirus","status":"publish","type":"post","link":"https:\/\/www.sincomam.org.br\/index.php\/china-ameaca-suspender-importacao-de-congelados-em-caso-de-positivo-para-coronavirus\/","title":{"rendered":"China amea\u00e7a suspender importa\u00e7\u00e3o de congelados em caso de positivo para coronav\u00edrus"},"content":{"rendered":"<p>A alf\u00e2ndega chinesa informou que suspender\u00e1 as importa\u00e7\u00f5es das empresas por uma semana se os produtos aliment\u00edcios congelados forem positivos para coronav\u00edrus pela primeira ou segunda vez.<\/p>\n<p><em>\u201cSe os produtos congelados forem positivos para coronav\u00edrus pela terceira vez ou mais, as importa\u00e7\u00f5es do produtor ser\u00e3o suspensas por quatro semanas\u201d, disse a Administra\u00e7\u00e3o Geral das Alf\u00e2ndegas da China em um comunicado em seu site.<\/em><\/p>\n<p>Pequim j\u00e1 refor\u00e7ou os controles sobre as cargas de alimentos congelados importados e proibiu as importa\u00e7\u00f5es de algumas f\u00e1bricas de processamento de carne estrangeiras, com a pandemia do coronav\u00edrus atingindo o setor global de alimentos.<\/p>\n<p>Os movimentos comerciais ocorreram depois que as autoridades chinesas encontraram vest\u00edgios do novo coronav\u00edrus nas se\u00e7\u00f5es de carnes e frutos do mar do Xinfadi, um grande mercado atacadista de alimentos em Pequim, ap\u00f3s um surto em junho.<\/p>\n<p>As importa\u00e7\u00f5es das empresas em quest\u00e3o seriam retomadas automaticamente ap\u00f3s o t\u00e9rmino da suspens\u00e3o, de acordo com o extrato aduaneiro, que entrou em vigor na \u00faltima sexta-feira (11).<\/p>\n<p>Fonte: Reuters \/ Foto: divulga\u00e7\u00e3o<\/p>\n<p><strong>Leia tamb\u00e9m:<\/strong><\/p>\n<p><a href=\"https:\/\/www.sincomam.org.br\/index.php\/china-detecta-vestigios-de-coronavirus-em-frangos-importados-do-brasil\/\" target=\"_blank\" rel=\"noopener noreferrer\">China detecta vest\u00edgios de coronav\u00edrus em frangos importados do Brasil<\/a><\/p>\n","protected":false},"excerpt":{"rendered":"<p>A alf\u00e2ndega chinesa informou que suspender\u00e1 as importa\u00e7\u00f5es das empresas por uma semana se os produtos aliment\u00edcios congelados forem positivos para coronav\u00edrus pela primeira ou&#8230;<\/p>\n","protected":false},"author":1182,"featured_media":31606,"comment_status":"closed","ping_status":"closed","sticky":false,"template":"","format":"standard","meta":{"footnotes":""},"categories":[6],"tags":[265,3819,2752,2751,830,407],"class_list":["post-31605","post","type-post","status-publish","format-standard","has-post-thumbnail","hentry","category-noticias","tag-china","tag-congelados","tag-coronavirus","tag-covid-19","tag-importacao","tag-produtos"],"_links":{"self":[{"href":"https:\/\/www.sincomam.org.br\/index.php\/wp-json\/wp\/v2\/posts\/31605","targetHints":{"allow":["GET"]}}],"collection":[{"href":"https:\/\/www.sincomam.org.br\/index.php\/wp-json\/wp\/v2\/posts"}],"about":[{"href":"https:\/\/www.sincomam.org.br\/index.php\/wp-json\/wp\/v2\/types\/post"}],"author":[{"embeddable":true,"href":"https:\/\/www.sincomam.org.br\/index.php\/wp-json\/wp\/v2\/users\/1182"}],"replies":[{"embeddable":true,"href":"https:\/\/www.sincomam.org.br\/index.php\/wp-json\/wp\/v2\/comments?post=31605"}],"version-history":[{"count":1,"href":"https:\/\/www.sincomam.org.br\/index.php\/wp-json\/wp\/v2\/posts\/31605\/revisions"}],"predecessor-version":[{"id":31607,"href":"https:\/\/www.sincomam.org.br\/index.php\/wp-json\/wp\/v2\/posts\/31605\/revisions\/31607"}],"wp:featuredmedia":[{"embeddable":true,"href":"https:\/\/www.sincomam.org.br\/index.php\/wp-json\/wp\/v2\/media\/31606"}],"wp:attachment":[{"href":"https:\/\/www.sincomam.org.br\/index.php\/wp-json\/wp\/v2\/media?parent=31605"}],"wp:term":[{"taxonomy":"category","embeddable":true,"href":"https:\/\/www.sincomam.org.br\/index.php\/wp-json\/wp\/v2\/categories?post=31605"},{"taxonomy":"post_tag","embeddable":true,"href":"https:\/\/www.sincomam.org.br\/index.php\/wp-json\/wp\/v2\/tags?post=31605"}],"curies":[{"name":"wp","href":"https:\/\/api.w.org\/{rel}","templated":true}]}}