{"id":31603,"date":"2020-09-16T10:29:11","date_gmt":"2020-09-16T13:29:11","guid":{"rendered":"http:\/\/www.sincomam.org.br\/?p=31603"},"modified":"2020-09-16T10:29:11","modified_gmt":"2020-09-16T13:29:11","slug":"correios-aguardam-decisao-da-justica-sobre-greve-de-trabalhadores","status":"publish","type":"post","link":"https:\/\/www.sincomam.org.br\/index.php\/correios-aguardam-decisao-da-justica-sobre-greve-de-trabalhadores\/","title":{"rendered":"Correios aguardam decis\u00e3o da Justi\u00e7a sobre greve de trabalhadores"},"content":{"rendered":"<p><strong><em>A\u00e7\u00e3o de diss\u00eddio deve ser julgada na pr\u00f3xima segunda-feira<\/em><\/strong><\/p>\n<p>Apesar de ter parte do contingente funcional paralisado desde o dia 17 de agosto, os Correios registraram, nas \u00faltimas quatro semanas, mais de 187 milh\u00f5es de cartas e encomendas entregues em todo o pa\u00eds.<\/p>\n<p>Ap\u00f3s sucessivas tentativas de negocia\u00e7\u00e3o, os Correios anunciaram que aguardam decis\u00e3o judicial sobre a greve para normalizar as atividades operacionais. Segundo nota divulgada pela empresa, as negocia\u00e7\u00f5es estavam sendo feitas desde julho, e visavam preservar a sa\u00fade financeira da estatal com cortes de privil\u00e9gios e \u201cadequa\u00e7\u00e3o \u00e0 realidade do pa\u00eds\u201d. O julgamento da a\u00e7\u00e3o de diss\u00eddio coletivo est\u00e1 marcado para a pr\u00f3xima segunda-feira (21).<\/p>\n<p>Em comunicado, os Correios afirmam que os termos exigidos pelos funcion\u00e1rios para a retomada regular das atividades p\u00f5em em risco a economia que vinha sendo aplicada. A empresa registra preju\u00edzo acumulado de R$ 2,4 bilh\u00f5es e esperava economizar cerca de R$ 800 milh\u00f5es ao ano. Segundo a estatal, esse valor, em tr\u00eas anos, cobriria o d\u00e9ficit financeiro atual.<\/p>\n<p><em>\u201c\u00c9 evidente, portanto, que n\u00e3o h\u00e1 margem para propostas incompat\u00edveis com a situa\u00e7\u00e3o econ\u00f4mica atual da institui\u00e7\u00e3o e do pa\u00eds, o que exclui de qualquer negocia\u00e7\u00e3o a possibilidade de conceder reajustes\u201d, registra a nota.<\/em><\/p>\n<p>A empresa lamenta ainda o contexto da pandemia, e afirma que a explos\u00e3o do e-commerce \u2013 o com\u00e9rcio eletr\u00f4nico, que depende exclusivamente do servi\u00e7o de transporte e log\u00edstica para a entrega de mercadorias, \u2013 seria uma forma de \u201calavancar o neg\u00f3cio em um dos poucos setores com capacidade para crescer neste per\u00edodo. \u201d<\/p>\n<p><strong>Greve<\/strong><\/p>\n<p>Segundo a Federa\u00e7\u00e3o Nacional dos Trabalhadores em Empresas dos Correios e Similares (Fentect), parte dos trabalhadores decidiu cruzar os bra\u00e7os em protesto contra a proposta de privatiza\u00e7\u00e3o da estatal e pela manuten\u00e7\u00e3o de benef\u00edcios trabalhistas. Os funcion\u00e1rios pedem ainda reajustes salariais.<\/p>\n<p>Fonte: Ag\u00eancia Brasil<\/p>\n","protected":false},"excerpt":{"rendered":"<p>A\u00e7\u00e3o de diss\u00eddio deve ser julgada na pr\u00f3xima segunda-feira Apesar de ter parte do contingente funcional paralisado desde o dia 17 de agosto, os Correios&#8230;<\/p>\n","protected":false},"author":1182,"featured_media":31136,"comment_status":"closed","ping_status":"closed","sticky":false,"template":"","format":"standard","meta":{"footnotes":""},"categories":[6],"tags":[727,990,300,118,244,145,1140],"class_list":["post-31603","post","type-post","status-publish","format-standard","has-post-thumbnail","hentry","category-noticias","tag-atraso","tag-correios","tag-decisao","tag-encomendas","tag-greve","tag-justica","tag-trabalhadores"],"_links":{"self":[{"href":"https:\/\/www.sincomam.org.br\/index.php\/wp-json\/wp\/v2\/posts\/31603","targetHints":{"allow":["GET"]}}],"collection":[{"href":"https:\/\/www.sincomam.org.br\/index.php\/wp-json\/wp\/v2\/posts"}],"about":[{"href":"https:\/\/www.sincomam.org.br\/index.php\/wp-json\/wp\/v2\/types\/post"}],"author":[{"embeddable":true,"href":"https:\/\/www.sincomam.org.br\/index.php\/wp-json\/wp\/v2\/users\/1182"}],"replies":[{"embeddable":true,"href":"https:\/\/www.sincomam.org.br\/index.php\/wp-json\/wp\/v2\/comments?post=31603"}],"version-history":[{"count":1,"href":"https:\/\/www.sincomam.org.br\/index.php\/wp-json\/wp\/v2\/posts\/31603\/revisions"}],"predecessor-version":[{"id":31604,"href":"https:\/\/www.sincomam.org.br\/index.php\/wp-json\/wp\/v2\/posts\/31603\/revisions\/31604"}],"wp:featuredmedia":[{"embeddable":true,"href":"https:\/\/www.sincomam.org.br\/index.php\/wp-json\/wp\/v2\/media\/31136"}],"wp:attachment":[{"href":"https:\/\/www.sincomam.org.br\/index.php\/wp-json\/wp\/v2\/media?parent=31603"}],"wp:term":[{"taxonomy":"category","embeddable":true,"href":"https:\/\/www.sincomam.org.br\/index.php\/wp-json\/wp\/v2\/categories?post=31603"},{"taxonomy":"post_tag","embeddable":true,"href":"https:\/\/www.sincomam.org.br\/index.php\/wp-json\/wp\/v2\/tags?post=31603"}],"curies":[{"name":"wp","href":"https:\/\/api.w.org\/{rel}","templated":true}]}}