{"id":31594,"date":"2020-09-15T08:33:09","date_gmt":"2020-09-15T11:33:09","guid":{"rendered":"http:\/\/www.sincomam.org.br\/?p=31594"},"modified":"2020-09-15T08:33:09","modified_gmt":"2020-09-15T11:33:09","slug":"marinha-resgata-11-tripulantes-de-embarcacao-que-naufragou-em-abaetetuba-pa","status":"publish","type":"post","link":"https:\/\/www.sincomam.org.br\/index.php\/marinha-resgata-11-tripulantes-de-embarcacao-que-naufragou-em-abaetetuba-pa\/","title":{"rendered":"Marinha resgata 11 tripulantes de embarca\u00e7\u00e3o que naufragou em Abaetetuba (PA)"},"content":{"rendered":"<p><strong><em>Tripulantes da embarca\u00e7\u00e3o \u201cLuiz Eduardo\u201d em seguran\u00e7a a bordo do Navio-Patrulha \u201cPampeiro\u201d<\/em><\/strong><\/p>\n<p>A Marinha informa que realizou, no dia 11 de setembro, o resgate de 11 pessoas, sendo nove tripulantes e dois passageiros, de uma embarca\u00e7\u00e3o que naufragou na Ba\u00eda do Marapat\u00e1, nas proximidades do Furo do Capim, em Abaetetuba (PA).<\/p>\n<p>Segundo a Marinha, o Navio-Patrulha \u201cPampeiro\u201d, subordinado ao Comando do Grupamento de Patrulha Naval do Norte, realizava o translado da cidade de Abaetetuba para o Furo do Tajapuru, quando recebeu um pedido de socorro da embarca\u00e7\u00e3o \u201cLuiz Eduardo\u201d, que enfrentava condi\u00e7\u00f5es meteorol\u00f3gicas severas e com uma avaria que ocasionou alagamento a bordo.<\/p>\n<p><em>\u201cA embarca\u00e7\u00e3o Pampeiro prontamente atendeu o chamado e realizou o resgate de todos que estavam a bordo da embarca\u00e7\u00e3o. Apesar dos grandes esfor\u00e7os empregados, n\u00e3o foi poss\u00edvel salvar a embarca\u00e7\u00e3o, que veio a naufragar na Ba\u00eda do Marapat\u00e1\u201d, disse a Marinha.<\/em><\/p>\n<p>Os tripulantes e passageiros salvos receberam os primeiros socorros a bordo do Navio-Patrulha \u201cPampeiro\u201d e foram levados em seguran\u00e7a para a cidade de Abaetetuba, no Par\u00e1.<\/p>\n<p>Em uma apura\u00e7\u00e3o inicial, foi constatado que nenhum tripulante tinha habilita\u00e7\u00e3o para conduzir a embarca\u00e7\u00e3o. As causas e responsabilidades pelo fato ser\u00e3o apuradas em inqu\u00e9rito administrativo que ser\u00e1 aberto pela Capitania dos Portos da Amaz\u00f4nia Oriental.<\/p>\n<p>*Com informa\u00e7\u00f5es da MB \/ Foto: divulga\u00e7\u00e3o Marinha<\/p>\n","protected":false},"excerpt":{"rendered":"<p>Tripulantes da embarca\u00e7\u00e3o \u201cLuiz Eduardo\u201d em seguran\u00e7a a bordo do Navio-Patrulha \u201cPampeiro\u201d A Marinha informa que realizou, no dia 11 de setembro, o resgate de&#8230;<\/p>\n","protected":false},"author":1182,"featured_media":31595,"comment_status":"closed","ping_status":"closed","sticky":false,"template":"","format":"standard","meta":{"footnotes":""},"categories":[6],"tags":[3814,352,1013,621,3813,513,3815,635],"class_list":["post-31594","post","type-post","status-publish","format-standard","has-post-thumbnail","hentry","category-noticias","tag-abaetetuba","tag-embarcacao","tag-marinha-do-brasil","tag-naufragio","tag-naufragou","tag-para","tag-salvamento","tag-tripulantes"],"_links":{"self":[{"href":"https:\/\/www.sincomam.org.br\/index.php\/wp-json\/wp\/v2\/posts\/31594","targetHints":{"allow":["GET"]}}],"collection":[{"href":"https:\/\/www.sincomam.org.br\/index.php\/wp-json\/wp\/v2\/posts"}],"about":[{"href":"https:\/\/www.sincomam.org.br\/index.php\/wp-json\/wp\/v2\/types\/post"}],"author":[{"embeddable":true,"href":"https:\/\/www.sincomam.org.br\/index.php\/wp-json\/wp\/v2\/users\/1182"}],"replies":[{"embeddable":true,"href":"https:\/\/www.sincomam.org.br\/index.php\/wp-json\/wp\/v2\/comments?post=31594"}],"version-history":[{"count":1,"href":"https:\/\/www.sincomam.org.br\/index.php\/wp-json\/wp\/v2\/posts\/31594\/revisions"}],"predecessor-version":[{"id":31596,"href":"https:\/\/www.sincomam.org.br\/index.php\/wp-json\/wp\/v2\/posts\/31594\/revisions\/31596"}],"wp:featuredmedia":[{"embeddable":true,"href":"https:\/\/www.sincomam.org.br\/index.php\/wp-json\/wp\/v2\/media\/31595"}],"wp:attachment":[{"href":"https:\/\/www.sincomam.org.br\/index.php\/wp-json\/wp\/v2\/media?parent=31594"}],"wp:term":[{"taxonomy":"category","embeddable":true,"href":"https:\/\/www.sincomam.org.br\/index.php\/wp-json\/wp\/v2\/categories?post=31594"},{"taxonomy":"post_tag","embeddable":true,"href":"https:\/\/www.sincomam.org.br\/index.php\/wp-json\/wp\/v2\/tags?post=31594"}],"curies":[{"name":"wp","href":"https:\/\/api.w.org\/{rel}","templated":true}]}}