{"id":31588,"date":"2020-09-15T08:04:08","date_gmt":"2020-09-15T11:04:08","guid":{"rendered":"http:\/\/www.sincomam.org.br\/?p=31588"},"modified":"2020-09-15T08:04:08","modified_gmt":"2020-09-15T11:04:08","slug":"campo-de-lula-passa-a-se-chamar-campo-de-tupi","status":"publish","type":"post","link":"https:\/\/www.sincomam.org.br\/index.php\/campo-de-lula-passa-a-se-chamar-campo-de-tupi\/","title":{"rendered":"Campo de Lula passa a se chamar campo de Tupi"},"content":{"rendered":"<p><strong><em>Mudan\u00e7a do nome est\u00e1 de acordo com decis\u00e3o judicial de julho de 2020<\/em><\/strong><\/p>\n<p>A Petrobras informou que a Ag\u00eancia Nacional do Petr\u00f3leo, G\u00e1s Natural e Biocombust\u00edveis (ANP) aprovou a altera\u00e7\u00e3o do nome de campo de Lula para campo Tupi.<\/p>\n<p>Segundo a estatal, a aprova\u00e7\u00e3o visa o cumprimento da decis\u00e3o judicial de 7 de julho de 2020, em a\u00e7\u00e3o popular, que determinou a anula\u00e7\u00e3o da denomina\u00e7\u00e3o da \u00e1rea de Tupi como campo de Lula, ocorrida em 2010.<\/p>\n<p>As demais \u00e1reas que comp\u00f5em o campo de Tupi, tamb\u00e9m tiveram suas denomina\u00e7\u00f5es alteradas, s\u00e3o elas:<\/p>\n<ol>\n<li>Sul de Tupi, contrato de cess\u00e3o onerosa<\/li>\n<li>Tupi Leste, \u00e1rea n\u00e3o contratada e pertencente a Uni\u00e3o Federal, representada pela Pr\u00e9-Sal Petr\u00f3leo S.A. (PPSA).<\/li>\n<\/ol>\n<p><strong>O campo<\/strong><\/p>\n<p>O campo de Tupi est\u00e1 predominantemente localizado na concess\u00e3o BM-S-11, a 230 km da costa do estado do Rio de Janeiro, e \u00e9 operada pela Petrobras (65%), em parceria com a Shell Brasil Petr\u00f3leo Ltda (25%) e a Petrogal Brasil S.A. (10%).<\/p>\n<p>Tupi iniciou a produ\u00e7\u00e3o do seu primeiro sistema definitivo em 2010, com a opera\u00e7\u00e3o do Cidade de Angra do Reis, e \u00e9 atualmente o maior campo produtor de \u00f3leo e g\u00e1s no pa\u00eds.<\/p>\n<p>*Com informa\u00e7\u00f5es da Ag\u00eancia Petrobras<\/p>\n","protected":false},"excerpt":{"rendered":"<p>Mudan\u00e7a do nome est\u00e1 de acordo com decis\u00e3o judicial de julho de 2020 A Petrobras informou que a Ag\u00eancia Nacional do Petr\u00f3leo, G\u00e1s Natural e&#8230;<\/p>\n","protected":false},"author":1182,"featured_media":29698,"comment_status":"closed","ping_status":"closed","sticky":false,"template":"","format":"standard","meta":{"footnotes":""},"categories":[6],"tags":[3810,3809,300,919,58],"class_list":["post-31588","post","type-post","status-publish","format-standard","has-post-thumbnail","hentry","category-noticias","tag-campo-lula","tag-campo-tupi","tag-decisao","tag-judicial","tag-petrobras"],"_links":{"self":[{"href":"https:\/\/www.sincomam.org.br\/index.php\/wp-json\/wp\/v2\/posts\/31588","targetHints":{"allow":["GET"]}}],"collection":[{"href":"https:\/\/www.sincomam.org.br\/index.php\/wp-json\/wp\/v2\/posts"}],"about":[{"href":"https:\/\/www.sincomam.org.br\/index.php\/wp-json\/wp\/v2\/types\/post"}],"author":[{"embeddable":true,"href":"https:\/\/www.sincomam.org.br\/index.php\/wp-json\/wp\/v2\/users\/1182"}],"replies":[{"embeddable":true,"href":"https:\/\/www.sincomam.org.br\/index.php\/wp-json\/wp\/v2\/comments?post=31588"}],"version-history":[{"count":1,"href":"https:\/\/www.sincomam.org.br\/index.php\/wp-json\/wp\/v2\/posts\/31588\/revisions"}],"predecessor-version":[{"id":31589,"href":"https:\/\/www.sincomam.org.br\/index.php\/wp-json\/wp\/v2\/posts\/31588\/revisions\/31589"}],"wp:featuredmedia":[{"embeddable":true,"href":"https:\/\/www.sincomam.org.br\/index.php\/wp-json\/wp\/v2\/media\/29698"}],"wp:attachment":[{"href":"https:\/\/www.sincomam.org.br\/index.php\/wp-json\/wp\/v2\/media?parent=31588"}],"wp:term":[{"taxonomy":"category","embeddable":true,"href":"https:\/\/www.sincomam.org.br\/index.php\/wp-json\/wp\/v2\/categories?post=31588"},{"taxonomy":"post_tag","embeddable":true,"href":"https:\/\/www.sincomam.org.br\/index.php\/wp-json\/wp\/v2\/tags?post=31588"}],"curies":[{"name":"wp","href":"https:\/\/api.w.org\/{rel}","templated":true}]}}