{"id":31551,"date":"2020-09-18T07:26:58","date_gmt":"2020-09-18T10:26:58","guid":{"rendered":"http:\/\/www.sincomam.org.br\/?p=31551"},"modified":"2020-09-18T13:08:55","modified_gmt":"2020-09-18T16:08:55","slug":"dieese-publica-subsidios-sobre-a-proposta-de-reforma-administrativa-do-governo-federal","status":"publish","type":"post","link":"https:\/\/www.sincomam.org.br\/index.php\/dieese-publica-subsidios-sobre-a-proposta-de-reforma-administrativa-do-governo-federal\/","title":{"rendered":"DIEESE publica subs\u00eddios sobre a proposta de reforma administrativa do Governo Federal"},"content":{"rendered":"<p><strong><em>Entidade alerta sobre as perdas para os trabalhadores caso seja aprovada a Reforma<\/em><\/strong><\/p>\n<p>O Congresso Nacional recebeu, no \u00faltimo dia 3 de setembro, a proposta de reforma administrativa pretendida pelo presidente Jair Bolsonaro. Nesta primeira fase, as mudan\u00e7as elaboradas pela equipe econ\u00f4mica do governo est\u00e3o todas contidas numa \u00fanica proposta de Emenda \u00e0 Constitui\u00e7\u00e3o (PEC), identificada como 32\/2020, que tem como objetivo reduzir os gastos e aumentar a efici\u00eancia da m\u00e1quina p\u00fablica.<\/p>\n<p>Segundo o DIEESE (Departamento Intersindical de Estat\u00edstica e Estudos Socioecon\u00f4micos), \u201ca reforma administrativa \u00e9 uma propositura com o objetivo de diminuir o tamanho do Estado, n\u00e3o para que ele seja mais \u00e1gil, mas para que o setor privado lucre com as atividades estatais. Para ganhar a opini\u00e3o p\u00fablica, ainda depreciam os servi\u00e7os e os servidores p\u00fablicos, usando informa\u00e7\u00f5es falsas\u201d.<\/p>\n<p>Diante do pol\u00eamico tema em debate, o DIEESE realizou uma s\u00edntese especial sobre a reforma administrativa do Governo Federal.<\/p>\n<p>Confira a \u00edntegra da S\u00edntese: <a href=\"https:\/\/www.dieese.org.br\/outraspublicacoes\/2020\/sinteseEspecialReformaAdministrativa.pdf\" target=\"_blank\" rel=\"noopener noreferrer\"><strong>https:\/\/bit.ly\/3bGKHqq<\/strong><\/a><\/p>\n<p>Fonte: DIEESE<\/p>\n","protected":false},"excerpt":{"rendered":"<p>Entidade alerta sobre as perdas para os trabalhadores caso seja aprovada a Reforma O Congresso Nacional recebeu, no \u00faltimo dia 3 de setembro, a proposta&#8230;<\/p>\n","protected":false},"author":1182,"featured_media":30751,"comment_status":"closed","ping_status":"closed","sticky":false,"template":"","format":"standard","meta":{"footnotes":""},"categories":[6],"tags":[3792,414,1593,3793,3794],"class_list":["post-31551","post","type-post","status-publish","format-standard","has-post-thumbnail","hentry","category-noticias","tag-dieese","tag-governo-federal","tag-proposta","tag-reforma-administrativa","tag-sintese"],"_links":{"self":[{"href":"https:\/\/www.sincomam.org.br\/index.php\/wp-json\/wp\/v2\/posts\/31551","targetHints":{"allow":["GET"]}}],"collection":[{"href":"https:\/\/www.sincomam.org.br\/index.php\/wp-json\/wp\/v2\/posts"}],"about":[{"href":"https:\/\/www.sincomam.org.br\/index.php\/wp-json\/wp\/v2\/types\/post"}],"author":[{"embeddable":true,"href":"https:\/\/www.sincomam.org.br\/index.php\/wp-json\/wp\/v2\/users\/1182"}],"replies":[{"embeddable":true,"href":"https:\/\/www.sincomam.org.br\/index.php\/wp-json\/wp\/v2\/comments?post=31551"}],"version-history":[{"count":1,"href":"https:\/\/www.sincomam.org.br\/index.php\/wp-json\/wp\/v2\/posts\/31551\/revisions"}],"predecessor-version":[{"id":31552,"href":"https:\/\/www.sincomam.org.br\/index.php\/wp-json\/wp\/v2\/posts\/31551\/revisions\/31552"}],"wp:featuredmedia":[{"embeddable":true,"href":"https:\/\/www.sincomam.org.br\/index.php\/wp-json\/wp\/v2\/media\/30751"}],"wp:attachment":[{"href":"https:\/\/www.sincomam.org.br\/index.php\/wp-json\/wp\/v2\/media?parent=31551"}],"wp:term":[{"taxonomy":"category","embeddable":true,"href":"https:\/\/www.sincomam.org.br\/index.php\/wp-json\/wp\/v2\/categories?post=31551"},{"taxonomy":"post_tag","embeddable":true,"href":"https:\/\/www.sincomam.org.br\/index.php\/wp-json\/wp\/v2\/tags?post=31551"}],"curies":[{"name":"wp","href":"https:\/\/api.w.org\/{rel}","templated":true}]}}