{"id":31533,"date":"2020-09-10T12:49:59","date_gmt":"2020-09-10T15:49:59","guid":{"rendered":"http:\/\/www.sincomam.org.br\/?p=31533"},"modified":"2020-09-10T12:49:59","modified_gmt":"2020-09-10T15:49:59","slug":"portos-do-parana-registram-alta-de-8-na-movimentacao-ate-agosto","status":"publish","type":"post","link":"https:\/\/www.sincomam.org.br\/index.php\/portos-do-parana-registram-alta-de-8-na-movimentacao-ate-agosto\/","title":{"rendered":"Portos do Paran\u00e1 registram alta de 8% na movimenta\u00e7\u00e3o at\u00e9 agosto"},"content":{"rendered":"<p><strong><em>Somente em agosto, 5,37 milh\u00f5es de toneladas chegaram ou sa\u00edram do Brasil pelos portos do Paran\u00e1 <\/em><\/strong><\/p>\n<p>O volume de cargas movimentado pelos portos paranaenses j\u00e1 passa das 38,67 milh\u00f5es de toneladas em 2020. \u00a0O total acumulado de janeiro a agosto deste ano \u00e9 8,4% maior que o registrado no mesmo per\u00edodo em 2019, quando foram transportadas 35,65 milh\u00f5es de toneladas.<\/p>\n<p>De acordo com o diretor-presidente da empresa Portos do Paran\u00e1, Luiz Fernando Garcia, apesar de um ano totalmente at\u00edpico em decorr\u00eancia das restri\u00e7\u00f5es impostas pela pandemia da Covid-19, o com\u00e9rcio exterior teve um bom desempenho, com alta constante nas exporta\u00e7\u00f5es, principalmente.<\/p>\n<p>\u201cIsso [bom resultado] \u00e9 reflexo das medidas que foram adotadas pelo Governo do Estado e pelas empresas que atuam em nossos portos, para prote\u00e7\u00e3o aos trabalhadores e garantia de que os servi\u00e7os n\u00e3o seriam interrompidos\u201d, afirmou Garcia.<\/p>\n<p><strong>Segmentos<\/strong><\/p>\n<p>Quase 67% das cargas movimentadas em 2020 nos portos de Paranagu\u00e1 e Antonina foram graneis s\u00f3lidos. A soma dos produtos de importa\u00e7\u00e3o e exporta\u00e7\u00e3o do segmento ultrapassa 25,78 milh\u00f5es de toneladas. O volume \u00e9 9% superior que nos mesmos oito meses de 2019.<\/p>\n<p>De carga geral, foram cerca de 8,05 milh\u00f5es de toneladas. O equivalente a 21% da movimenta\u00e7\u00e3o no ano. Na compara\u00e7\u00e3o com igual per\u00edodo do ano passado, crescimento de 9%.<\/p>\n<p>Os gran\u00e9is l\u00edquidos representaram 12% das cargas de exporta\u00e7\u00e3o e importa\u00e7\u00e3o nos portos paranaenses, com 4,83 milh\u00f5es de toneladas movimentadas no segmento. Alta de 5% em rela\u00e7\u00e3o a 2019.<\/p>\n<p><strong>Cont\u00eaineres<\/strong><\/p>\n<p>A movimenta\u00e7\u00e3o de cont\u00eaineres nos \u00faltimos oito meses tamb\u00e9m registra crescimento de 5%. Este ano, j\u00e1 s\u00e3o 604.787 unidades (TEUs). Em 2019, no mesmo per\u00edodo, foram 575.860. Em 2020, 51,3% das unidades foram importadas (310.282 TEUs) e 294.505 TEUs exportadas.<\/p>\n<p><strong>Geral <\/strong><\/p>\n<p>Na movimenta\u00e7\u00e3o geral, considerando todos os tipos de cargas, as exporta\u00e7\u00f5es representaram quase 66% de toda a atividade nos portos do Paran\u00e1. De janeiro a agosto, 25,46 milh\u00f5es de toneladas de produtos brasileiros seguiram para outros pa\u00edses. O volume exportado \u00e9 13% maior que o mesmo per\u00edodo, em 2019 (22,55 milh\u00f5es de toneladas).<\/p>\n<p>J\u00e1 as importa\u00e7\u00f5es, que este ano somaram 13,2 milh\u00f5es de toneladas, registraram alta de 1% em rela\u00e7\u00e3o ao volume registrado em 2019 (13,1 milh\u00f5es).<\/p>\n<p>*Com informa\u00e7\u00f5es da Portos do Paran\u00e1 \/ Foto: Claudio Neves\/ Portos do Paran\u00e1<\/p>\n","protected":false},"excerpt":{"rendered":"<p>Somente em agosto, 5,37 milh\u00f5es de toneladas chegaram ou sa\u00edram do Brasil pelos portos do Paran\u00e1 O volume de cargas movimentado pelos portos paranaenses j\u00e1&#8230;<\/p>\n","protected":false},"author":1182,"featured_media":31534,"comment_status":"closed","ping_status":"closed","sticky":false,"template":"","format":"standard","meta":{"footnotes":""},"categories":[6],"tags":[191,151,830,237,109,69,746],"class_list":["post-31533","post","type-post","status-publish","format-standard","has-post-thumbnail","hentry","category-noticias","tag-cargas","tag-exportacao","tag-importacao","tag-movimentacao","tag-parana","tag-portos","tag-registro"],"_links":{"self":[{"href":"https:\/\/www.sincomam.org.br\/index.php\/wp-json\/wp\/v2\/posts\/31533","targetHints":{"allow":["GET"]}}],"collection":[{"href":"https:\/\/www.sincomam.org.br\/index.php\/wp-json\/wp\/v2\/posts"}],"about":[{"href":"https:\/\/www.sincomam.org.br\/index.php\/wp-json\/wp\/v2\/types\/post"}],"author":[{"embeddable":true,"href":"https:\/\/www.sincomam.org.br\/index.php\/wp-json\/wp\/v2\/users\/1182"}],"replies":[{"embeddable":true,"href":"https:\/\/www.sincomam.org.br\/index.php\/wp-json\/wp\/v2\/comments?post=31533"}],"version-history":[{"count":1,"href":"https:\/\/www.sincomam.org.br\/index.php\/wp-json\/wp\/v2\/posts\/31533\/revisions"}],"predecessor-version":[{"id":31535,"href":"https:\/\/www.sincomam.org.br\/index.php\/wp-json\/wp\/v2\/posts\/31533\/revisions\/31535"}],"wp:featuredmedia":[{"embeddable":true,"href":"https:\/\/www.sincomam.org.br\/index.php\/wp-json\/wp\/v2\/media\/31534"}],"wp:attachment":[{"href":"https:\/\/www.sincomam.org.br\/index.php\/wp-json\/wp\/v2\/media?parent=31533"}],"wp:term":[{"taxonomy":"category","embeddable":true,"href":"https:\/\/www.sincomam.org.br\/index.php\/wp-json\/wp\/v2\/categories?post=31533"},{"taxonomy":"post_tag","embeddable":true,"href":"https:\/\/www.sincomam.org.br\/index.php\/wp-json\/wp\/v2\/tags?post=31533"}],"curies":[{"name":"wp","href":"https:\/\/api.w.org\/{rel}","templated":true}]}}