{"id":31523,"date":"2020-09-10T11:25:22","date_gmt":"2020-09-10T14:25:22","guid":{"rendered":"http:\/\/www.sincomam.org.br\/?p=31523"},"modified":"2020-09-10T11:25:22","modified_gmt":"2020-09-10T14:25:22","slug":"incendio-atinge-area-do-porto-de-beirute-um-mes-apos-grande-explosao","status":"publish","type":"post","link":"https:\/\/www.sincomam.org.br\/index.php\/incendio-atinge-area-do-porto-de-beirute-um-mes-apos-grande-explosao\/","title":{"rendered":"Inc\u00eandio atinge \u00e1rea do Porto de Beirute um m\u00eas ap\u00f3s grande explos\u00e3o"},"content":{"rendered":"<p><strong><em>Coluna de fuma\u00e7a cobriu a regi\u00e3o portu\u00e1ria <\/em><\/strong><\/p>\n<p>Um estoque de \u00f3leo e pneus na regi\u00e3o portu\u00e1ria de Beirute pegou fogo nesta quinta-feira (9), pouco mais de um m\u00eas depois que uma gigantesca explos\u00e3o devastou o local e uma \u00e1rea residencial ao redor da capital libanesa. A causa do inc\u00eandio ainda n\u00e3o foi esclarecida<\/p>\n<p>A Marinha do Brasil informou, por meio de nota, que a fragata Independ\u00eancia, que opera na regi\u00e3o, est\u00e1 em \u00e1rea distante do local do inc\u00eandio.<\/p>\n<p>&#8220;Todos os tripulantes do navio, componentes brasileiros do Estado-Maior da FTM-UNIFIL [For\u00e7a-Tarefa Mar\u00edtima da For\u00e7a Interina das Na\u00e7\u00f5es Unidas no L\u00edbano] e pessoal de apoio em terra passam bem&#8221;, diz a nota.<\/p>\n<p>O inc\u00eandio come\u00e7ou na zona franca do porto, erguendo uma enorme coluna de fuma\u00e7a sobre a cidade. Imagens de televis\u00e3o mostraram bombeiros tentando apagar as chamas no porto, onde armaz\u00e9ns e silos de concreto que armazenam gr\u00e3os foram destru\u00eddos pela explos\u00e3o de 4 de agosto.<\/p>\n<p>Cerca de 190 pessoas morreram na explos\u00e3o do m\u00eas passado e uma \u00e1rea de Beirute perto do porto foi destru\u00edda. A explos\u00e3o foi causada por um grande estoque de nitrato de am\u00f4nio que foi mantido em m\u00e1s condi\u00e7\u00f5es no local por anos.<\/p>\n<p>*Com informa\u00e7\u00f5es da Reuters \/ Foto: Hussein Malla\/AP<\/p>\n<p><strong>Leia tamb\u00e9m: <a href=\"https:\/\/www.sincomam.org.br\/index.php\/numero-de-feridos-em-explosao-no-porto-de-beirute-passa-de-5-mil\/\" target=\"_blank\" rel=\"noopener noreferrer\">Forte explos\u00e3o devastou a zona portu\u00e1ria de Beirute<\/a><\/strong><\/p>\n","protected":false},"excerpt":{"rendered":"<p>Coluna de fuma\u00e7a cobriu a regi\u00e3o portu\u00e1ria Um estoque de \u00f3leo e pneus na regi\u00e3o portu\u00e1ria de Beirute pegou fogo nesta quinta-feira (9), pouco mais&#8230;<\/p>\n","protected":false},"author":1182,"featured_media":31524,"comment_status":"closed","ping_status":"closed","sticky":false,"template":"","format":"standard","meta":{"footnotes":""},"categories":[6],"tags":[3596,3781,1642,115,1013,305,80],"class_list":["post-31523","post","type-post","status-publish","format-standard","has-post-thumbnail","hentry","category-noticias","tag-beirute","tag-estoque","tag-explosao","tag-incendio","tag-marinha-do-brasil","tag-oleo","tag-porto"],"_links":{"self":[{"href":"https:\/\/www.sincomam.org.br\/index.php\/wp-json\/wp\/v2\/posts\/31523","targetHints":{"allow":["GET"]}}],"collection":[{"href":"https:\/\/www.sincomam.org.br\/index.php\/wp-json\/wp\/v2\/posts"}],"about":[{"href":"https:\/\/www.sincomam.org.br\/index.php\/wp-json\/wp\/v2\/types\/post"}],"author":[{"embeddable":true,"href":"https:\/\/www.sincomam.org.br\/index.php\/wp-json\/wp\/v2\/users\/1182"}],"replies":[{"embeddable":true,"href":"https:\/\/www.sincomam.org.br\/index.php\/wp-json\/wp\/v2\/comments?post=31523"}],"version-history":[{"count":1,"href":"https:\/\/www.sincomam.org.br\/index.php\/wp-json\/wp\/v2\/posts\/31523\/revisions"}],"predecessor-version":[{"id":31526,"href":"https:\/\/www.sincomam.org.br\/index.php\/wp-json\/wp\/v2\/posts\/31523\/revisions\/31526"}],"wp:featuredmedia":[{"embeddable":true,"href":"https:\/\/www.sincomam.org.br\/index.php\/wp-json\/wp\/v2\/media\/31524"}],"wp:attachment":[{"href":"https:\/\/www.sincomam.org.br\/index.php\/wp-json\/wp\/v2\/media?parent=31523"}],"wp:term":[{"taxonomy":"category","embeddable":true,"href":"https:\/\/www.sincomam.org.br\/index.php\/wp-json\/wp\/v2\/categories?post=31523"},{"taxonomy":"post_tag","embeddable":true,"href":"https:\/\/www.sincomam.org.br\/index.php\/wp-json\/wp\/v2\/tags?post=31523"}],"curies":[{"name":"wp","href":"https:\/\/api.w.org\/{rel}","templated":true}]}}