{"id":31514,"date":"2020-09-09T10:44:35","date_gmt":"2020-09-09T13:44:35","guid":{"rendered":"http:\/\/www.sincomam.org.br\/?p=31514"},"modified":"2020-09-09T10:44:35","modified_gmt":"2020-09-09T13:44:35","slug":"auxilio-emergencial-caixa-paga-hoje-o-beneficio-para-nascidos-em-abril","status":"publish","type":"post","link":"https:\/\/www.sincomam.org.br\/index.php\/auxilio-emergencial-caixa-paga-hoje-o-beneficio-para-nascidos-em-abril\/","title":{"rendered":"Aux\u00edlio emergencial: Caixa paga hoje o benef\u00edcio para nascidos em abril"},"content":{"rendered":"<p><strong><em>Segundo ciclo de pagamentos prossegue at\u00e9 o dia 27 de outubro<\/em><\/strong><\/p>\n<p>A Caixa Econ\u00f4mica Federal segue hoje (9) com o segundo ciclo de pagamentos das parcelas do aux\u00edlio emergencial. Os cr\u00e9ditos come\u00e7aram pelos benefici\u00e1rios nascidos em janeiro, no dia 28 de agosto, e o pagamento ser\u00e1 liberado para cerca de 3,9 milh\u00f5es nascidos em abril. Essa etapa de pagamentos vai at\u00e9 27 de outubro.<\/p>\n<p>Neste ciclo, mais tr\u00eas grupos foram inclu\u00eddos: trabalhadores que fizeram o cadastro nas ag\u00eancias dos Correios entre 2 de junho e 8 de julho; trabalhadores que fizeram a contesta\u00e7\u00e3o pelo site da Caixa ou App Caixa Aux\u00edlio Emergencial de 3 de julho a 16 de agosto e foram considerados eleg\u00edveis; benefici\u00e1rios que tenham recebido a primeira parcela em meses anteriores, mas que tiveram o benef\u00edcio reavaliado em agosto. No caso das reavalia\u00e7\u00f5es, o benef\u00edcio foi liberado novamente para 148 mil pessoas.<\/p>\n<p>Os recursos podem ser movimentados por meio do aplicativo Caixa Tem. Com ele \u00e9 poss\u00edvel pagar boletos e fazer compras na internet e nas maquininhas em mais de 1 milh\u00e3o de estabelecimentos comerciais.<\/p>\n<p>O calend\u00e1rio de pagamentos do aux\u00edlio emergencial \u00e9 organizado em ciclos de cr\u00e9dito em conta poupan\u00e7a social digital e de saque em esp\u00e9cie. Os benefici\u00e1rios recebem a parcela a que t\u00eam direito no per\u00edodo de acordo com o m\u00eas de nascimento. Para os benefici\u00e1rios nascidos em abril, os saques e transfer\u00eancias ser\u00e3o liberados no dia 1\u00ba de outubro.<\/p>\n<p>Aqueles que tiveram os pagamentos retidos v\u00e3o receber todas as parcelas a que t\u00eam direito de uma s\u00f3 vez, dentro do ciclo 2. J\u00e1 os trabalhadores que optaram por realizar o cadastro nos Correios e aqueles que contestaram v\u00e3o receber a primeira parcela dentro do segundo ciclo. As parcelas P2 e P3 ser\u00e3o pagas no ciclo 3 e as parcelas P4 e P5, no ciclo 4.<\/p>\n<p>Fonte: Ag\u00eancia Brasil<\/p>\n","protected":false},"excerpt":{"rendered":"<p>Segundo ciclo de pagamentos prossegue at\u00e9 o dia 27 de outubro A Caixa Econ\u00f4mica Federal segue hoje (9) com o segundo ciclo de pagamentos das&#8230;<\/p>\n","protected":false},"author":1182,"featured_media":31515,"comment_status":"closed","ping_status":"closed","sticky":false,"template":"","format":"standard","meta":{"footnotes":""},"categories":[6],"tags":[914,1757,2377,390,3057,432,3099,204,977],"class_list":["post-31514","post","type-post","status-publish","format-standard","has-post-thumbnail","hentry","category-noticias","tag-abril","tag-auxilio","tag-beneficio","tag-caixa","tag-creditos","tag-emergencial","tag-nascimento","tag-pagamento","tag-recursos"],"_links":{"self":[{"href":"https:\/\/www.sincomam.org.br\/index.php\/wp-json\/wp\/v2\/posts\/31514","targetHints":{"allow":["GET"]}}],"collection":[{"href":"https:\/\/www.sincomam.org.br\/index.php\/wp-json\/wp\/v2\/posts"}],"about":[{"href":"https:\/\/www.sincomam.org.br\/index.php\/wp-json\/wp\/v2\/types\/post"}],"author":[{"embeddable":true,"href":"https:\/\/www.sincomam.org.br\/index.php\/wp-json\/wp\/v2\/users\/1182"}],"replies":[{"embeddable":true,"href":"https:\/\/www.sincomam.org.br\/index.php\/wp-json\/wp\/v2\/comments?post=31514"}],"version-history":[{"count":1,"href":"https:\/\/www.sincomam.org.br\/index.php\/wp-json\/wp\/v2\/posts\/31514\/revisions"}],"predecessor-version":[{"id":31516,"href":"https:\/\/www.sincomam.org.br\/index.php\/wp-json\/wp\/v2\/posts\/31514\/revisions\/31516"}],"wp:featuredmedia":[{"embeddable":true,"href":"https:\/\/www.sincomam.org.br\/index.php\/wp-json\/wp\/v2\/media\/31515"}],"wp:attachment":[{"href":"https:\/\/www.sincomam.org.br\/index.php\/wp-json\/wp\/v2\/media?parent=31514"}],"wp:term":[{"taxonomy":"category","embeddable":true,"href":"https:\/\/www.sincomam.org.br\/index.php\/wp-json\/wp\/v2\/categories?post=31514"},{"taxonomy":"post_tag","embeddable":true,"href":"https:\/\/www.sincomam.org.br\/index.php\/wp-json\/wp\/v2\/tags?post=31514"}],"curies":[{"name":"wp","href":"https:\/\/api.w.org\/{rel}","templated":true}]}}