{"id":31511,"date":"2020-09-09T10:37:49","date_gmt":"2020-09-09T13:37:49","guid":{"rendered":"http:\/\/www.sincomam.org.br\/?p=31511"},"modified":"2020-09-09T10:37:49","modified_gmt":"2020-09-09T13:37:49","slug":"marinha-do-brasil-realiza-resgate-de-tripulante-enfermo-em-navio-mercante","status":"publish","type":"post","link":"https:\/\/www.sincomam.org.br\/index.php\/marinha-do-brasil-realiza-resgate-de-tripulante-enfermo-em-navio-mercante\/","title":{"rendered":"Marinha do Brasil realiza resgate de tripulante enfermo em Navio Mercante"},"content":{"rendered":"<p><strong><em>Mar\u00edtimo foi levado a unidade hospital no Rio de Janeiro<\/em><\/strong><\/p>\n<p>A Marinha informa que realizou, em 1\u00ba de setembro, o resgate de um tripulante do Navio Mercante (NM) \u201cAzur\u201d, de bandeira das Ilhas Marshall. Segundo a Marinha, a embarca\u00e7\u00e3o NM \u201cAzur\u201d fez contato com o SALVAMAR Brasil, em 31 de agosto, solicitando a evacua\u00e7\u00e3o m\u00e9dica de um dos seus tripulantes, por conta de um ferimento na cabe\u00e7a.<\/p>\n<p>\u201cQuando o navio entrou no raio de a\u00e7\u00e3o adequado, a cerca de 150 milhas n\u00e1uticas a sudoeste do Farol do Cabo Frio (RJ), um helic\u00f3ptero UH-15 pertencente ao 2\u00b0 Esquadr\u00e3o de Helic\u00f3pteros de Emprego Geral decolou da Base A\u00e9rea Naval de S\u00e3o Pedro da Aldeia (RJ), com a tripula\u00e7\u00e3o e o G-SAR (um m\u00e9dico e dois resgatistas), a fim de realizar uma evacua\u00e7\u00e3o aerom\u00e9dica (EVAM) do tripulante\u201d, disse a Marinha, em nota.<\/p>\n<p>A Aeronave de Servi\u00e7o da Esquadra transportou o tripulante enfermo para o Aeroporto Santos Dumont, no Rio de Janeiro, a fim de que fosse direcionado a uma unidade hospitalar.<\/p>\n<p>Em virtude da pandemia do novo coronav\u00edrus, foram adotados os protocolos estabelecidos pela Diretoria de Sa\u00fade da Marinha para miss\u00f5es de busca e salvamento, com o uso de EPI pelos militares envolvidos diretamente no resgate.<\/p>\n<p>*Com informa\u00e7\u00f5es da MB<\/p>\n","protected":false},"excerpt":{"rendered":"<p>Mar\u00edtimo foi levado a unidade hospital no Rio de Janeiro A Marinha informa que realizou, em 1\u00ba de setembro, o resgate de um tripulante do&#8230;<\/p>\n","protected":false},"author":1182,"featured_media":31512,"comment_status":"closed","ping_status":"closed","sticky":false,"template":"","format":"standard","meta":{"footnotes":""},"categories":[6],"tags":[3777,1013,567,47,978],"class_list":["post-31511","post","type-post","status-publish","format-standard","has-post-thumbnail","hentry","category-noticias","tag-enfermo","tag-marinha-do-brasil","tag-mercante","tag-navio","tag-tripulante"],"_links":{"self":[{"href":"https:\/\/www.sincomam.org.br\/index.php\/wp-json\/wp\/v2\/posts\/31511","targetHints":{"allow":["GET"]}}],"collection":[{"href":"https:\/\/www.sincomam.org.br\/index.php\/wp-json\/wp\/v2\/posts"}],"about":[{"href":"https:\/\/www.sincomam.org.br\/index.php\/wp-json\/wp\/v2\/types\/post"}],"author":[{"embeddable":true,"href":"https:\/\/www.sincomam.org.br\/index.php\/wp-json\/wp\/v2\/users\/1182"}],"replies":[{"embeddable":true,"href":"https:\/\/www.sincomam.org.br\/index.php\/wp-json\/wp\/v2\/comments?post=31511"}],"version-history":[{"count":1,"href":"https:\/\/www.sincomam.org.br\/index.php\/wp-json\/wp\/v2\/posts\/31511\/revisions"}],"predecessor-version":[{"id":31513,"href":"https:\/\/www.sincomam.org.br\/index.php\/wp-json\/wp\/v2\/posts\/31511\/revisions\/31513"}],"wp:featuredmedia":[{"embeddable":true,"href":"https:\/\/www.sincomam.org.br\/index.php\/wp-json\/wp\/v2\/media\/31512"}],"wp:attachment":[{"href":"https:\/\/www.sincomam.org.br\/index.php\/wp-json\/wp\/v2\/media?parent=31511"}],"wp:term":[{"taxonomy":"category","embeddable":true,"href":"https:\/\/www.sincomam.org.br\/index.php\/wp-json\/wp\/v2\/categories?post=31511"},{"taxonomy":"post_tag","embeddable":true,"href":"https:\/\/www.sincomam.org.br\/index.php\/wp-json\/wp\/v2\/tags?post=31511"}],"curies":[{"name":"wp","href":"https:\/\/api.w.org\/{rel}","templated":true}]}}