{"id":31506,"date":"2020-09-09T10:21:10","date_gmt":"2020-09-09T13:21:10","guid":{"rendered":"http:\/\/www.sincomam.org.br\/?p=31506"},"modified":"2020-09-09T10:38:01","modified_gmt":"2020-09-09T13:38:01","slug":"governo-avalia-estender-por-2-anos-regime-tributario-especial-para-portos","status":"publish","type":"post","link":"https:\/\/www.sincomam.org.br\/index.php\/governo-avalia-estender-por-2-anos-regime-tributario-especial-para-portos\/","title":{"rendered":"Governo avalia estender por 2 anos regime tribut\u00e1rio especial para portos"},"content":{"rendered":"<p>O governo federal avalia enviar ao Congresso um projeto de lei para prorrogar por dois anos o Reporto, segundo apurou a Coluna do Broadcast. Criado para incentivar a moderniza\u00e7\u00e3o e amplia\u00e7\u00e3o dos portos brasileiros, o Reporto \u00e9 um regime tribut\u00e1rio especial pelo qual empresas do setor conseguem suspender a cobran\u00e7a de impostos para fazer investimentos, como, por exemplo, na compra de maquin\u00e1rio.<\/p>\n<p>Em vigor desde 2004, o Reporto est\u00e1 previsto para acabar em dezembro deste ano. Por isso, o setor portu\u00e1rio vem se mobilizando fortemente nos \u00faltimos meses para conseguir prorrogar o regime. Inicialmente, as discuss\u00f5es bateram na trave da reforma tribut\u00e1ria. A equipe econ\u00f4mica alertava que queria resolver todas as quest\u00f5es envolvendo regimes especiais dentro de uma discuss\u00e3o ampla sobre o sistema tribut\u00e1rio. As empresas, no entanto, n\u00e3o se deram n\u00e3o por vencidas.<\/p>\n<p><strong>Meio do caminho<\/strong><\/p>\n<p>A prorroga\u00e7\u00e3o por cinco anos do regime chegou a entrar no parecer da Medida Provis\u00f3ria 945, do setor portu\u00e1rio, na C\u00e2mara. Mas acabou de fora por resist\u00eancia da \u00e1rea econ\u00f4mica. A solu\u00e7\u00e3o de estender o Reporto por dois anos \u00e9 vista com mais simpatia. Ajudaria o setor a se organizar, sem provocar uma bagun\u00e7a nos contratos, mas tamb\u00e9m n\u00e3o daria uma sinaliza\u00e7\u00e3o muito negativa quanto a reforma tribut\u00e1ria.<\/p>\n<p><strong>Ofensiva<\/strong><\/p>\n<p>Al\u00e9m de reuni\u00f5es com o governo, o setor tamb\u00e9m se mobiliza para conseguir apoio junto ao Congresso. Na semana passada, v\u00e1rias entidades, incluindo a Associa\u00e7\u00e3o Brasileira dos Terminais Portu\u00e1rios (ABTP), conversaram com o presidente do Senado, Davi Alcolumbre (DEM-AP), sobre o assunto. Segundo o presidente da ABTP, Jesualdo Concei\u00e7\u00e3o da Silva, o senador sinalizou apoio a causa do setor. Uma reuni\u00e3o com Rodrigo Maia (DEM-RJ) est\u00e1 programa para essa semana.<\/p>\n<p>Ainda de acordo com o presidente da ABTP, dos R$ 320 bilh\u00f5es previstos de gasto tribut\u00e1rio da Uni\u00e3o em 2020, R$ 260 milh\u00f5es s\u00e3o do Reporto. \u201c\u00c9 0,08% do gasto tribut\u00e1rio total. O Reporto n\u00e3o \u00e9 aquilo que realmente faz a diferen\u00e7a para a Uni\u00e3o\u201d, disse.<\/p>\n<p>Procurado sobre o projeto de lei em avalia\u00e7\u00e3o, o Minist\u00e9rio da Economia afirmou que n\u00e3o ir\u00e1 comentar.<\/p>\n<p>Fonte: Estad\u00e3o<\/p>\n","protected":false},"excerpt":{"rendered":"<p>O governo federal avalia enviar ao Congresso um projeto de lei para prorrogar por dois anos o Reporto, segundo apurou a Coluna do Broadcast. Criado&#8230;<\/p>\n","protected":false},"author":1182,"featured_media":286,"comment_status":"closed","ping_status":"closed","sticky":false,"template":"","format":"standard","meta":{"footnotes":""},"categories":[6],"tags":[199,192,69,1585,2118,3776],"class_list":["post-31506","post","type-post","status-publish","format-standard","has-post-thumbnail","hentry","category-noticias","tag-avaliacao","tag-governo","tag-portos","tag-regime","tag-reporto","tag-tributario"],"_links":{"self":[{"href":"https:\/\/www.sincomam.org.br\/index.php\/wp-json\/wp\/v2\/posts\/31506","targetHints":{"allow":["GET"]}}],"collection":[{"href":"https:\/\/www.sincomam.org.br\/index.php\/wp-json\/wp\/v2\/posts"}],"about":[{"href":"https:\/\/www.sincomam.org.br\/index.php\/wp-json\/wp\/v2\/types\/post"}],"author":[{"embeddable":true,"href":"https:\/\/www.sincomam.org.br\/index.php\/wp-json\/wp\/v2\/users\/1182"}],"replies":[{"embeddable":true,"href":"https:\/\/www.sincomam.org.br\/index.php\/wp-json\/wp\/v2\/comments?post=31506"}],"version-history":[{"count":1,"href":"https:\/\/www.sincomam.org.br\/index.php\/wp-json\/wp\/v2\/posts\/31506\/revisions"}],"predecessor-version":[{"id":31507,"href":"https:\/\/www.sincomam.org.br\/index.php\/wp-json\/wp\/v2\/posts\/31506\/revisions\/31507"}],"wp:featuredmedia":[{"embeddable":true,"href":"https:\/\/www.sincomam.org.br\/index.php\/wp-json\/wp\/v2\/media\/286"}],"wp:attachment":[{"href":"https:\/\/www.sincomam.org.br\/index.php\/wp-json\/wp\/v2\/media?parent=31506"}],"wp:term":[{"taxonomy":"category","embeddable":true,"href":"https:\/\/www.sincomam.org.br\/index.php\/wp-json\/wp\/v2\/categories?post=31506"},{"taxonomy":"post_tag","embeddable":true,"href":"https:\/\/www.sincomam.org.br\/index.php\/wp-json\/wp\/v2\/tags?post=31506"}],"curies":[{"name":"wp","href":"https:\/\/api.w.org\/{rel}","templated":true}]}}