{"id":31499,"date":"2020-09-09T10:02:13","date_gmt":"2020-09-09T13:02:13","guid":{"rendered":"http:\/\/www.sincomam.org.br\/?p=31499"},"modified":"2020-09-09T10:03:02","modified_gmt":"2020-09-09T13:03:02","slug":"31499","status":"publish","type":"post","link":"https:\/\/www.sincomam.org.br\/index.php\/31499\/","title":{"rendered":"General Sydri\u00e3o, chefe do Centro de Intelig\u00eancia do Ex\u00e9rcito, morre de Covid-19"},"content":{"rendered":"<p><strong><em>Militar participou de miss\u00e3o de apoio ao L\u00edbano liderada pelo ex-presidente Michel Temer, em agosto. Ele estava internado no Hospital das For\u00e7as Armadas<\/em><\/strong><\/p>\n<p>Morreu, nesta ter\u00e7a-feira (8), o chefe do Centro do Intelig\u00eancia do Ex\u00e9rcito (CIE), general de brigada Carlos Augusto Fecury Sydri\u00e3o Ferreira, de 53 anos. Ele estava internado, h\u00e1 10 dias, no Hospital das For\u00e7as Armadas (HFA), em Bras\u00edlia. Fontes do Minist\u00e9rio da Defesa confirmaram \u00e0 reportagem que a causa da morte foi a Covid-19.<\/p>\n<p>Natural de Fortaleza, no Cear\u00e1, o general foi nomeado para a chefia do CIE em julho de 2019. No m\u00eas passado, representou o Ex\u00e9rcito na delega\u00e7\u00e3o, liderada pelo ex-presidente Michel Temer, que foi ao L\u00edbano em miss\u00e3o de apoio depois que uma explos\u00e3o deixou quase 200 v\u00edtimas, mais de 6 mil feridos e cerca de 300 mil desabrigados.<\/p>\n<p>Em nota, Temer lamentou o falecimento do general, &#8220;que nos acompanhou nessa viagem revelando-se parceiro nas nossas preocupa\u00e7\u00f5es e honrando com sua presen\u00e7a e atua\u00e7\u00e3o o Ex\u00e9rcito Brasileiro&#8221;.<\/p>\n<p>Acionado pela reportagem, o Ex\u00e9rcito Brasileiro confirmou o \u00f3bito e disse que o corpo do general ser\u00e1 cremado nesta quarta-fira (9), em uma cerim\u00f4nia em Valpara\u00edso de Goi\u00e1s, no Entorno do DF.<\/p>\n<p>Antes do cargo de chefe do Centro de Intelig\u00eancia, o general Sydri\u00e3o comandou o Batalh\u00e3o de Pol\u00edcia do Ex\u00e9rcito de Bras\u00edlia, de 2011 a 2013. Foi o adido de Defesa e do Ex\u00e9rcito e Chefe da Coopera\u00e7\u00e3o Militar Brasileira no Paraguai, entre 2015 e 2016. J\u00e1 como oficial-general, comandou a 7\u00aa Brigada de Infantaria Motorizada.<\/p>\n<p><em>O Batalh\u00e3o de Pol\u00edcia do Ex\u00e9rcito de Bras\u00edlia publicou nota de pesar afirmando que o general deixa mulher e tr\u00eas filhos, e &#8220;um grande legado de amor, amizade, camaradagem e profissionalismo&#8221;.<\/em><\/p>\n<p>Atualmente ele ocupava o cargo de Chefe do Centro de Intelig\u00eancia do Ex\u00e9rcito e comandou o BPEB no per\u00edodo de 2011 a 2013.<\/p>\n<p>Fonte: G1 \/ Foto: Assembleia Legislativa do Rio Grande do Norte<\/p>\n","protected":false},"excerpt":{"rendered":"<p>Militar participou de miss\u00e3o de apoio ao L\u00edbano liderada pelo ex-presidente Michel Temer, em agosto. Ele estava internado no Hospital das For\u00e7as Armadas Morreu, nesta&#8230;<\/p>\n","protected":false},"author":1182,"featured_media":31500,"comment_status":"closed","ping_status":"closed","sticky":false,"template":"","format":"standard","meta":{"footnotes":""},"categories":[6],"tags":[416,93,2752,2751,837,894,3773,3772,1756,307],"class_list":["post-31499","post","type-post","status-publish","format-standard","has-post-thumbnail","hentry","category-noticias","tag-brasilia","tag-centro","tag-coronavirus","tag-covid-19","tag-exercito","tag-forcas-armadas","tag-general-sydriao","tag-inteligencia","tag-morte","tag-rio-grande-do-norte"],"_links":{"self":[{"href":"https:\/\/www.sincomam.org.br\/index.php\/wp-json\/wp\/v2\/posts\/31499","targetHints":{"allow":["GET"]}}],"collection":[{"href":"https:\/\/www.sincomam.org.br\/index.php\/wp-json\/wp\/v2\/posts"}],"about":[{"href":"https:\/\/www.sincomam.org.br\/index.php\/wp-json\/wp\/v2\/types\/post"}],"author":[{"embeddable":true,"href":"https:\/\/www.sincomam.org.br\/index.php\/wp-json\/wp\/v2\/users\/1182"}],"replies":[{"embeddable":true,"href":"https:\/\/www.sincomam.org.br\/index.php\/wp-json\/wp\/v2\/comments?post=31499"}],"version-history":[{"count":2,"href":"https:\/\/www.sincomam.org.br\/index.php\/wp-json\/wp\/v2\/posts\/31499\/revisions"}],"predecessor-version":[{"id":31502,"href":"https:\/\/www.sincomam.org.br\/index.php\/wp-json\/wp\/v2\/posts\/31499\/revisions\/31502"}],"wp:featuredmedia":[{"embeddable":true,"href":"https:\/\/www.sincomam.org.br\/index.php\/wp-json\/wp\/v2\/media\/31500"}],"wp:attachment":[{"href":"https:\/\/www.sincomam.org.br\/index.php\/wp-json\/wp\/v2\/media?parent=31499"}],"wp:term":[{"taxonomy":"category","embeddable":true,"href":"https:\/\/www.sincomam.org.br\/index.php\/wp-json\/wp\/v2\/categories?post=31499"},{"taxonomy":"post_tag","embeddable":true,"href":"https:\/\/www.sincomam.org.br\/index.php\/wp-json\/wp\/v2\/tags?post=31499"}],"curies":[{"name":"wp","href":"https:\/\/api.w.org\/{rel}","templated":true}]}}