{"id":31491,"date":"2020-09-08T12:46:31","date_gmt":"2020-09-08T15:46:31","guid":{"rendered":"http:\/\/www.sincomam.org.br\/?p=31491"},"modified":"2020-09-08T12:46:31","modified_gmt":"2020-09-08T15:46:31","slug":"total-desiste-de-ser-operadora-dos-blocos-de-petroleo-na-bacia-da-foz-do-amazonas","status":"publish","type":"post","link":"https:\/\/www.sincomam.org.br\/index.php\/total-desiste-de-ser-operadora-dos-blocos-de-petroleo-na-bacia-da-foz-do-amazonas\/","title":{"rendered":"Total desiste de ser operadora dos blocos de petr\u00f3leo na bacia da foz do Amazonas"},"content":{"rendered":"<p>Uma nova reviravolta na tentativa de explora\u00e7\u00e3o e produ\u00e7\u00e3o de petr\u00f3leo na Bacia da Foz do Amazonas, no norte do Brasil. A francesa Total emitiu um comunicado nesta segunda-feira (7) anunciando que desistiu da opera\u00e7\u00e3o dos blocos FZA-M-57, FZA-M-86, FZAM-88, FZA-M-125 e FZA-M-127. A petroleira j\u00e1 havia antecipado a decis\u00e3o a alguns dias \u00e0s suas duas s\u00f3cias no projeto, a Petrobras e a BP.<\/p>\n<p>Diante da decis\u00e3o da Total, a Ag\u00eancia Nacional do Petr\u00f3leo (ANP) abriu um per\u00edodo de seis meses para que Petrobras ou BP decidam quem assumir\u00e1 a opera\u00e7\u00e3o dos blocos. Por enquanto, a petroleira francesa segue no posto de operadora, pelo menos at\u00e9 a nomea\u00e7\u00e3o da nova l\u00edder das \u00e1reas.<\/p>\n<p>Para lembrar, os franceses arremataram em 2013 as cinco \u00e1reas explorat\u00f3rias, localizadas a 120 quil\u00f4metros da costa brasileira, durante a 11\u00aa Rodada de licita\u00e7\u00f5es promovida pela ANP.\u00a0 O Ibama j\u00e1 havia negado a licen\u00e7a de explora\u00e7\u00e3o em dezembro de 2018. Na ocasi\u00e3o, a presidente do Ibama, que pertenceu ao governo petista, Suely Ara\u00fajo, negou a aprova\u00e7\u00e3o por n\u00e3o considerar que havia estudos t\u00e9cnicos adequados. Diante dessas negativas, a Total entrou recentemente com novos pedidos de licenciamento ambiental.<\/p>\n<p>Os projetos envolvendo os blocos de explora\u00e7\u00e3o na Bacia do Foz do Amazonas tamb\u00e9m enfrentam muita resist\u00eancia por parte de ambientalistas, ap\u00f3s a descoberta de uma \u00e1rea de 9,5 km\u00b2 com um recife de corais especiais, que conseguem sobreviver \u00e0s \u00e1guas turvas do Rio Amazonas.<\/p>\n<p>Fonte: Petronot\u00edcias<\/p>\n","protected":false},"excerpt":{"rendered":"<p>Uma nova reviravolta na tentativa de explora\u00e7\u00e3o e produ\u00e7\u00e3o de petr\u00f3leo na Bacia da Foz do Amazonas, no norte do Brasil. A francesa Total emitiu&#8230;<\/p>\n","protected":false},"author":1182,"featured_media":6531,"comment_status":"closed","ping_status":"closed","sticky":false,"template":"","format":"standard","meta":{"footnotes":""},"categories":[6],"tags":[248,334,2505,377,78,1966],"class_list":["post-31491","post","type-post","status-publish","format-standard","has-post-thumbnail","hentry","category-noticias","tag-amazonas","tag-bloco","tag-gas-natural","tag-operacao","tag-petroleo","tag-total"],"_links":{"self":[{"href":"https:\/\/www.sincomam.org.br\/index.php\/wp-json\/wp\/v2\/posts\/31491","targetHints":{"allow":["GET"]}}],"collection":[{"href":"https:\/\/www.sincomam.org.br\/index.php\/wp-json\/wp\/v2\/posts"}],"about":[{"href":"https:\/\/www.sincomam.org.br\/index.php\/wp-json\/wp\/v2\/types\/post"}],"author":[{"embeddable":true,"href":"https:\/\/www.sincomam.org.br\/index.php\/wp-json\/wp\/v2\/users\/1182"}],"replies":[{"embeddable":true,"href":"https:\/\/www.sincomam.org.br\/index.php\/wp-json\/wp\/v2\/comments?post=31491"}],"version-history":[{"count":1,"href":"https:\/\/www.sincomam.org.br\/index.php\/wp-json\/wp\/v2\/posts\/31491\/revisions"}],"predecessor-version":[{"id":31492,"href":"https:\/\/www.sincomam.org.br\/index.php\/wp-json\/wp\/v2\/posts\/31491\/revisions\/31492"}],"wp:featuredmedia":[{"embeddable":true,"href":"https:\/\/www.sincomam.org.br\/index.php\/wp-json\/wp\/v2\/media\/6531"}],"wp:attachment":[{"href":"https:\/\/www.sincomam.org.br\/index.php\/wp-json\/wp\/v2\/media?parent=31491"}],"wp:term":[{"taxonomy":"category","embeddable":true,"href":"https:\/\/www.sincomam.org.br\/index.php\/wp-json\/wp\/v2\/categories?post=31491"},{"taxonomy":"post_tag","embeddable":true,"href":"https:\/\/www.sincomam.org.br\/index.php\/wp-json\/wp\/v2\/tags?post=31491"}],"curies":[{"name":"wp","href":"https:\/\/api.w.org\/{rel}","templated":true}]}}