{"id":31475,"date":"2020-09-08T12:07:23","date_gmt":"2020-09-08T15:07:23","guid":{"rendered":"http:\/\/www.sincomam.org.br\/?p=31475"},"modified":"2020-09-08T12:10:14","modified_gmt":"2020-09-08T15:10:14","slug":"semana-brasil-anuncia-promocoes-e-ofertas-para-os-consumidores-em-todo-o-pais","status":"publish","type":"post","link":"https:\/\/www.sincomam.org.br\/index.php\/semana-brasil-anuncia-promocoes-e-ofertas-para-os-consumidores-em-todo-o-pais\/","title":{"rendered":"Semana Brasil anuncia promo\u00e7\u00f5es e ofertas para os consumidores em todo o pa\u00eds"},"content":{"rendered":"<p><strong><em>Campanha ser\u00e1 realizada at\u00e9 13 de setembro e visa estimular as vendas do com\u00e9rcio brasileiro<\/em><\/strong><\/p>\n<p>Come\u00e7ou na \u00faltima quinta-feira (03), a segunda edi\u00e7\u00e3o da Semana Brasil, que vai trazer ofertas e promo\u00e7\u00f5es para estimular as vendas do varejo. O evento vai at\u00e9 o dia 13 de setembro. O slogan deste ano \u00e9 \u201cTodos juntos com seguran\u00e7a pela retomada e o emprego\u201d.<\/p>\n<p>A iniciativa \u00e9 da Secretaria Especial de Comunica\u00e7\u00e3o Social (Secom) do Minist\u00e9rio das Comunica\u00e7\u00f5es, a Semana Brasil \u00e9 coordenada pelo Instituto para Desenvolvimento do Varejo (IDV).<\/p>\n<p>O evento foi pensado para ser a primeira data comemorativa do varejo ap\u00f3s a reabertura do com\u00e9rcio, que sofre restri\u00e7\u00f5es desde mar\u00e7o em fun\u00e7\u00e3o da Covid-19. Participam lojas da \u00e1rea de alimenta\u00e7\u00e3o, m\u00f3veis, eletrodom\u00e9sticos, livraria, roupas, sapatos, materiais de constru\u00e7\u00e3o, brinquedos, supermercados e farm\u00e1cia. Em 2020, a semana vai estimular a participa\u00e7\u00e3o das pequenas e m\u00e9dia empresas.<\/p>\n<p><em>\u201cEstamos trabalhando junto com as associa\u00e7\u00f5es comerciais, os clubes de dirigentes lojistas de todo o pa\u00eds que est\u00e3o comprometidos em patrocinar um grande evento com promo\u00e7\u00f5es, pre\u00e7os, prazos. Nosso objetivo \u00e9 retomar as atividades que foram bastante danificadas pela pandemia\u201d, disse o presidente do IDV, Marcelo Silva, em nota publicada pelo Governo.<\/em><\/p>\n<p><strong>Aumento nas vendas<\/strong><\/p>\n<p>Na primeira edi\u00e7\u00e3o da Semana Brasil, em 2019, as vendas online durante o per\u00edodo cresceram 41% em rela\u00e7\u00e3o ao mesmo per\u00edodo de 2018, segundo a Ebit\/Nielsen. As vendas no varejo tamb\u00e9m registraram crescimento nominal de 11,3%, de acordo com levantamento feito pela Cielo. Mais de 14 mil empresas participaram.<\/p>\n<p>A expectativa do governo \u00e9 que o evento de 2020 traga resultados ainda melhores para a economia.<\/p>\n<p>Para participar da campanha e conferir quem faz parte da Semana Brasil \u00e9 s\u00f3 ir no site <strong><a href=\"https:\/\/www.gov.br\/semanabrasil\/\" target=\"_blank\" rel=\"noopener noreferrer\">www.gov.br\/semanabrasil<\/a>.<\/strong><\/p>\n<p>*Com informa\u00e7\u00f5es do Gov.Br<\/p>\n","protected":false},"excerpt":{"rendered":"<p>Campanha ser\u00e1 realizada at\u00e9 13 de setembro e visa estimular as vendas do com\u00e9rcio brasileiro Come\u00e7ou na \u00faltima quinta-feira (03), a segunda edi\u00e7\u00e3o da Semana&#8230;<\/p>\n","protected":false},"author":1182,"featured_media":31476,"comment_status":"closed","ping_status":"closed","sticky":false,"template":"","format":"standard","meta":{"footnotes":""},"categories":[6],"tags":[61,858,988,2752,2751,2755,3765,557],"class_list":["post-31475","post","type-post","status-publish","format-standard","has-post-thumbnail","hentry","category-noticias","tag-brasil","tag-campanha","tag-comercio","tag-coronavirus","tag-covid-19","tag-pandemia","tag-semana-brasil","tag-vendas"],"_links":{"self":[{"href":"https:\/\/www.sincomam.org.br\/index.php\/wp-json\/wp\/v2\/posts\/31475","targetHints":{"allow":["GET"]}}],"collection":[{"href":"https:\/\/www.sincomam.org.br\/index.php\/wp-json\/wp\/v2\/posts"}],"about":[{"href":"https:\/\/www.sincomam.org.br\/index.php\/wp-json\/wp\/v2\/types\/post"}],"author":[{"embeddable":true,"href":"https:\/\/www.sincomam.org.br\/index.php\/wp-json\/wp\/v2\/users\/1182"}],"replies":[{"embeddable":true,"href":"https:\/\/www.sincomam.org.br\/index.php\/wp-json\/wp\/v2\/comments?post=31475"}],"version-history":[{"count":4,"href":"https:\/\/www.sincomam.org.br\/index.php\/wp-json\/wp\/v2\/posts\/31475\/revisions"}],"predecessor-version":[{"id":31480,"href":"https:\/\/www.sincomam.org.br\/index.php\/wp-json\/wp\/v2\/posts\/31475\/revisions\/31480"}],"wp:featuredmedia":[{"embeddable":true,"href":"https:\/\/www.sincomam.org.br\/index.php\/wp-json\/wp\/v2\/media\/31476"}],"wp:attachment":[{"href":"https:\/\/www.sincomam.org.br\/index.php\/wp-json\/wp\/v2\/media?parent=31475"}],"wp:term":[{"taxonomy":"category","embeddable":true,"href":"https:\/\/www.sincomam.org.br\/index.php\/wp-json\/wp\/v2\/categories?post=31475"},{"taxonomy":"post_tag","embeddable":true,"href":"https:\/\/www.sincomam.org.br\/index.php\/wp-json\/wp\/v2\/tags?post=31475"}],"curies":[{"name":"wp","href":"https:\/\/api.w.org\/{rel}","templated":true}]}}