{"id":31447,"date":"2020-09-04T09:40:53","date_gmt":"2020-09-04T12:40:53","guid":{"rendered":"http:\/\/www.sincomam.org.br\/?p=31447"},"modified":"2020-09-04T09:40:53","modified_gmt":"2020-09-04T12:40:53","slug":"caixa-paga-hoje-auxilio-emergencial-para-nascidos-em-marco","status":"publish","type":"post","link":"https:\/\/www.sincomam.org.br\/index.php\/caixa-paga-hoje-auxilio-emergencial-para-nascidos-em-marco\/","title":{"rendered":"Caixa paga hoje aux\u00edlio emergencial para nascidos em mar\u00e7o"},"content":{"rendered":"<p><strong><em>Nesta sexta-feira (4), ser\u00e3o beneficiados 4,1 milh\u00f5es de pessoas, nascidos em mar\u00e7o<\/em><\/strong><\/p>\n<p>A Caixa Econ\u00f4mica Federal segue com o Ciclo 2 de pagamentos das parcelas do aux\u00edlio emergencial. Hoje (4) \u00e9 a vez de 4,1 milh\u00f5es de benefici\u00e1rios, nascidos em mar\u00e7o, receberem o cr\u00e9dito na poupan\u00e7a social.<\/p>\n<p>Os cr\u00e9ditos come\u00e7aram no dia 28 de agosto pelos benefici\u00e1rios nascidos em janeiro. Depois, no dia 2 deste m\u00eas, o cr\u00e9dito foi liberado para quem nasceu em fevereiro. O segundo ciclo de pagamentos vai at\u00e9 27 de outubro.<\/p>\n<p>Neste ciclo, mais tr\u00eas p\u00fablicos foram inclu\u00eddos: trabalhadores que fizeram o cadastro nas ag\u00eancias dos Correios entre 2 de junho e 8 de julho; trabalhadores que fizeram a contesta\u00e7\u00e3o pelo site da Caixa ou aplicativo Caixa Aux\u00edlio Emergencial de 3 de julho a 16 de agosto e foram considerados eleg\u00edveis; benefici\u00e1rios que tenham recebido a primeira parcela em meses anteriores, mas que tiveram o benef\u00edcio reavaliado em agosto. No caso das reavalia\u00e7\u00f5es, o benef\u00edcio foi liberado novamente para 148 mil pessoas.<\/p>\n<p>Os recursos podem ser movimentados por meio do aplicativo Caixa Tem. Com ele \u00e9 poss\u00edvel pagar boletos e fazer compras na internet e nas maquininhas em mais de um milh\u00e3o de estabelecimentos comerciais.<\/p>\n<p>O calend\u00e1rio de pagamentos do aux\u00edlio emergencial \u00e9 organizado em ciclos de cr\u00e9dito em conta poupan\u00e7a social digital e de saque em esp\u00e9cie.<\/p>\n<p>Os benefici\u00e1rios recebem a parcela a que t\u00eam direito no per\u00edodo de acordo com o m\u00eas de nascimento. Para os nascidos em mar\u00e7o, os saques e transfer\u00eancias ser\u00e3o liberados no dia 29 de setembro.<\/p>\n<p>Aqueles que tiveram os pagamentos retidos v\u00e3o receber todas as parcelas a que t\u00eam direito de uma s\u00f3 vez, dentro do Ciclo 2. J\u00e1 os trabalhadores que optaram por realizar o cadastro nos Correios e aqueles que contestaram v\u00e3o receber a primeira parcela dentro do Ciclo 2. As parcelas P2 e P3 ser\u00e3o pagas no Ciclo 3 e as parcelas P4 e P5, no Ciclo 4.<\/p>\n<p>Fonte: Ag\u00eancia Brasil<\/p>\n","protected":false},"excerpt":{"rendered":"<p>Nesta sexta-feira (4), ser\u00e3o beneficiados 4,1 milh\u00f5es de pessoas, nascidos em mar\u00e7o A Caixa Econ\u00f4mica Federal segue com o Ciclo 2 de pagamentos das parcelas&#8230;<\/p>\n","protected":false},"author":1182,"featured_media":4097,"comment_status":"closed","ping_status":"closed","sticky":false,"template":"","format":"standard","meta":{"footnotes":""},"categories":[6],"tags":[1757,390,432,704,3099,204],"class_list":["post-31447","post","type-post","status-publish","format-standard","has-post-thumbnail","hentry","category-noticias","tag-auxilio","tag-caixa","tag-emergencial","tag-marco","tag-nascimento","tag-pagamento"],"_links":{"self":[{"href":"https:\/\/www.sincomam.org.br\/index.php\/wp-json\/wp\/v2\/posts\/31447","targetHints":{"allow":["GET"]}}],"collection":[{"href":"https:\/\/www.sincomam.org.br\/index.php\/wp-json\/wp\/v2\/posts"}],"about":[{"href":"https:\/\/www.sincomam.org.br\/index.php\/wp-json\/wp\/v2\/types\/post"}],"author":[{"embeddable":true,"href":"https:\/\/www.sincomam.org.br\/index.php\/wp-json\/wp\/v2\/users\/1182"}],"replies":[{"embeddable":true,"href":"https:\/\/www.sincomam.org.br\/index.php\/wp-json\/wp\/v2\/comments?post=31447"}],"version-history":[{"count":1,"href":"https:\/\/www.sincomam.org.br\/index.php\/wp-json\/wp\/v2\/posts\/31447\/revisions"}],"predecessor-version":[{"id":31448,"href":"https:\/\/www.sincomam.org.br\/index.php\/wp-json\/wp\/v2\/posts\/31447\/revisions\/31448"}],"wp:featuredmedia":[{"embeddable":true,"href":"https:\/\/www.sincomam.org.br\/index.php\/wp-json\/wp\/v2\/media\/4097"}],"wp:attachment":[{"href":"https:\/\/www.sincomam.org.br\/index.php\/wp-json\/wp\/v2\/media?parent=31447"}],"wp:term":[{"taxonomy":"category","embeddable":true,"href":"https:\/\/www.sincomam.org.br\/index.php\/wp-json\/wp\/v2\/categories?post=31447"},{"taxonomy":"post_tag","embeddable":true,"href":"https:\/\/www.sincomam.org.br\/index.php\/wp-json\/wp\/v2\/tags?post=31447"}],"curies":[{"name":"wp","href":"https:\/\/api.w.org\/{rel}","templated":true}]}}