{"id":31428,"date":"2020-09-03T11:21:59","date_gmt":"2020-09-03T14:21:59","guid":{"rendered":"http:\/\/www.sincomam.org.br\/?p=31428"},"modified":"2020-09-03T11:21:59","modified_gmt":"2020-09-03T14:21:59","slug":"antaq-autoriza-novas-ebns-e-registro-de-instalacoes-de-apoio-ao-transporte-aquaviario","status":"publish","type":"post","link":"https:\/\/www.sincomam.org.br\/index.php\/antaq-autoriza-novas-ebns-e-registro-de-instalacoes-de-apoio-ao-transporte-aquaviario\/","title":{"rendered":"ANTAQ autoriza novas EBNs e registro de instala\u00e7\u00f5es de apoio ao transporte aquavi\u00e1rio"},"content":{"rendered":"<p><em><strong>As autoriza\u00e7\u00f5es foram publicadas da edi\u00e7\u00e3o de hoje (1\u00ba de setembro) na Se\u00e7\u00e3o 1 do Di\u00e1rio Oficial da Uni\u00e3o<\/strong><\/em><\/p>\n<p>A Ag\u00eancia Nacional de Transportes Aquavi\u00e1rios (ANTAQ) informa que expediu instrumento de outorga de autoriza\u00e7\u00e3o para as seguintes empresas operarem, por prazo indeterminado, como Empresa Brasileira de Navega\u00e7\u00e3o \u2013 EBN. As Resolu\u00e7\u00f5es, de 31\/08\/2020, foram publicadas na Se\u00e7\u00e3o 1 do Di\u00e1rio Oficial da Uni\u00e3o de hoje (1\u00ba de setembro).<\/p>\n<p>Segue abaixo as empresas autorizadas:<\/p>\n<p>\u2013 EMPRESA DE NAVEGA\u00c7\u00c3O EDINELSON TRINDADE EIRELI, domiciliada em Manaus\/AM, para operar na presta\u00e7\u00e3o de servi\u00e7os de transporte misto, na navega\u00e7\u00e3o interior de percurso longitudinal interestadual, na Regi\u00e3o Hidrogr\u00e1fica Amaz\u00f4nica, entre os munic\u00edpios de Manaus\/AM e Bel\u00e9m\/PA (Resolu\u00e7\u00e3o n\u00ba 7.980);<\/p>\n<p>\u2013 MG COM\u00c9RCIO DE COMBUST\u00cdVEIS LTDA, localizada em Manaus\/AM, para operar na presta\u00e7\u00e3o de servi\u00e7os de transporte de granel l\u00edquido, biocombust\u00edveis, petr\u00f3leo e seus derivados, na navega\u00e7\u00e3o interior de percurso longitudinal, na Regi\u00e3o Hidrogr\u00e1fica Amaz\u00f4nica, nos trechos interestaduais de compet\u00eancia da Uni\u00e3o (Resolu\u00e7\u00e3o n\u00ba 7.981);<\/p>\n<p>\u2013 Microempreendedora Individual (MEI) SABRINA CARDOSO DE SOUZA domiciliada no munic\u00edpio de P\u00e3o de A\u00e7\u00facar\/AL, para operar na presta\u00e7\u00e3o de servi\u00e7os de transporte de ve\u00edculos e passageiros, na navega\u00e7\u00e3o interior de travessia interestadual, na Regi\u00e3o Hidrogr\u00e1fica do S\u00e3o Francisco, sobre o Rio S\u00e3o Francisco, entre os munic\u00edpios de P\u00e3o de A\u00e7\u00facar\/AL e Porto da Folha\/SE (Resolu\u00e7\u00e3o n\u00ba 7.982);<\/p>\n<p>\u2013 LOUIS DREYFUS COMPANY BRASIL S.A., localizada em Pinheiros, S\u00e3o Paulo\/SP, para operar na navega\u00e7\u00e3o de Apoio Portu\u00e1rio (Resolu\u00e7\u00e3o n\u00ba 7.984);<\/p>\n<p>\u2013 L V NAVEGA\u00c7\u00c3O E TRANSPORTE EIRELI, domiciliada em Itaituba\/PA, para operar na presta\u00e7\u00e3o de servi\u00e7os de transporte de passageiros, na navega\u00e7\u00e3o interior de percurso longitudinal interestadual, na Regi\u00e3o Hidrogr\u00e1fica Amaz\u00f4nica, entre os munic\u00edpios de Alenquer\/PA e Manaus\/AM (Resolu\u00e7\u00e3o n\u00ba 7.985);<\/p>\n<p>\u2013 EMPRESA DE NAVEGA\u00c7\u00c3O ELOA TRANSPORTES EIRELI, localizada em Santar\u00e9m\/PA, para operar na presta\u00e7\u00e3o de servi\u00e7os de transporte de passageiros na navega\u00e7\u00e3o interior de percurso longitudinal interestadual, nas linhas Santar\u00e9m\/PA \u2013 Manaus\/AM \u2013 Santar\u00e9m\/PA e Manaus\/AM \u2013 Alenquer\/PA \u2013 Manaus\/AM, na Regi\u00e3o Hidrogr\u00e1fica Amaz\u00f4nica. (Resolu\u00e7\u00e3o n\u00ba 7.986); e<\/p>\n<p>\u2013 Empres\u00e1rio individual FRANCISCO CINTRA DA SILVA, domiciliado em Juta\u00ed\/AM, para operar na presta\u00e7\u00e3o de servi\u00e7os de transporte de passageiros, na navega\u00e7\u00e3o interior de percurso longitudinal em faixa de fronteira, na Regi\u00e3o Hidrogr\u00e1fica Amaz\u00f4nica, entre os munic\u00edpios de Manaus\/AM e S\u00e3o Gabriel da Cachoeira\/AM (Resolu\u00e7\u00e3o n\u00ba 7.987).<\/p>\n<p>No dia 31 \u00faltimo, a ANTAQ tamb\u00e9m autorizou o registro das seguintes instala\u00e7\u00f5es portu\u00e1rias de apoio ao transporte aquavi\u00e1rio, publicadas na Se\u00e7\u00e3o 1 do Di\u00e1rio Oficial da Uni\u00e3o de hoje (1\u00ba de setembro):<\/p>\n<p>\u2013 TRANSPORTES BERTOLINI LTDA, localizada em Santar\u00e9m\/PA (Resolu\u00e7\u00e3o n\u00ba 7.989);<\/p>\n<p>\u2013 COMERCIAL MANOEL PASSOS EIRELI \u2013 EPP, domiciliada em Moju\/PA (Resolu\u00e7\u00e3o n\u00ba 7.988).<\/p>\n<p>*Com informa\u00e7\u00f5es da ANTAQ\/ Foto: divulga\u00e7\u00e3o<\/p>\n","protected":false},"excerpt":{"rendered":"<p>As autoriza\u00e7\u00f5es foram publicadas da edi\u00e7\u00e3o de hoje (1\u00ba de setembro) na Se\u00e7\u00e3o 1 do Di\u00e1rio Oficial da Uni\u00e3o A Ag\u00eancia Nacional de Transportes Aquavi\u00e1rios&#8230;<\/p>\n","protected":false},"author":1182,"featured_media":31429,"comment_status":"closed","ping_status":"closed","sticky":false,"template":"","format":"standard","meta":{"footnotes":""},"categories":[6],"tags":[301,748,1063,2784,3755,945,746,189],"class_list":["post-31428","post","type-post","status-publish","format-standard","has-post-thumbnail","hentry","category-noticias","tag-antaq","tag-apoio","tag-aquaviario","tag-autorizacao","tag-ebns","tag-instalacao","tag-registro","tag-transporte"],"_links":{"self":[{"href":"https:\/\/www.sincomam.org.br\/index.php\/wp-json\/wp\/v2\/posts\/31428","targetHints":{"allow":["GET"]}}],"collection":[{"href":"https:\/\/www.sincomam.org.br\/index.php\/wp-json\/wp\/v2\/posts"}],"about":[{"href":"https:\/\/www.sincomam.org.br\/index.php\/wp-json\/wp\/v2\/types\/post"}],"author":[{"embeddable":true,"href":"https:\/\/www.sincomam.org.br\/index.php\/wp-json\/wp\/v2\/users\/1182"}],"replies":[{"embeddable":true,"href":"https:\/\/www.sincomam.org.br\/index.php\/wp-json\/wp\/v2\/comments?post=31428"}],"version-history":[{"count":1,"href":"https:\/\/www.sincomam.org.br\/index.php\/wp-json\/wp\/v2\/posts\/31428\/revisions"}],"predecessor-version":[{"id":31430,"href":"https:\/\/www.sincomam.org.br\/index.php\/wp-json\/wp\/v2\/posts\/31428\/revisions\/31430"}],"wp:featuredmedia":[{"embeddable":true,"href":"https:\/\/www.sincomam.org.br\/index.php\/wp-json\/wp\/v2\/media\/31429"}],"wp:attachment":[{"href":"https:\/\/www.sincomam.org.br\/index.php\/wp-json\/wp\/v2\/media?parent=31428"}],"wp:term":[{"taxonomy":"category","embeddable":true,"href":"https:\/\/www.sincomam.org.br\/index.php\/wp-json\/wp\/v2\/categories?post=31428"},{"taxonomy":"post_tag","embeddable":true,"href":"https:\/\/www.sincomam.org.br\/index.php\/wp-json\/wp\/v2\/tags?post=31428"}],"curies":[{"name":"wp","href":"https:\/\/api.w.org\/{rel}","templated":true}]}}