{"id":31415,"date":"2020-09-03T11:00:53","date_gmt":"2020-09-03T14:00:53","guid":{"rendered":"http:\/\/www.sincomam.org.br\/?p=31415"},"modified":"2020-09-03T11:00:53","modified_gmt":"2020-09-03T14:00:53","slug":"embraer-vai-demitir-25-mil-funcionarios-nas-fabricas-do-brasil","status":"publish","type":"post","link":"https:\/\/www.sincomam.org.br\/index.php\/embraer-vai-demitir-25-mil-funcionarios-nas-fabricas-do-brasil\/","title":{"rendered":"Embraer vai demitir 2,5 mil funcion\u00e1rios nas f\u00e1bricas do Brasil"},"content":{"rendered":"<p><strong><em>Empresa ter\u00e1 1,6 mil desligamentos em Plano de Demiss\u00f5es Volunt\u00e1rias e mais 900 cortes por dispensa para ajuste no quadro de funcion\u00e1rios<\/em><\/strong><\/p>\n<p>A Embraer anunciou a demiss\u00e3o de 2,5 mil funcion\u00e1rios nas f\u00e1bricas no Brasil. Segundo a empresa, ser\u00e3o 1,6 mil desligamentos em ades\u00f5es ao Plano de Demiss\u00f5es Volunt\u00e1rias, que foi encerrado na quarta-feira (2), e mais 900 cortes por dispensa para ajuste do quadro de funcion\u00e1rios.<\/p>\n<p>A empresa alega que a medida \u00e9 consequ\u00eancia dos impactos causados pela pandemia de Covid-19 e pelo cancelamento da parceria com a Boeing. Ao todo, a Embraer mantinha cerca de 16 mil funcion\u00e1rios no pa\u00eds, sendo 10 mil apenas em S\u00e3o Jos\u00e9 dos Campos, sede da empresa. O n\u00famero de desligamentos por unidade n\u00e3o foi informado.<\/p>\n<p>A Embraer havia encerrado na quarta-feira (2) o prazo para inscri\u00e7\u00e3o no terceiro Plano de Demiss\u00e3o Volunt\u00e1ria aberto durante a pandemia. A medida era uma tentativa de ajustar o quadro de funcion\u00e1rios frente aos impactos causados pela pandemia.<\/p>\n<p>Foram 1,6 mil ades\u00f5es aos PDVs, mas como o volume n\u00e3o atingiu a meta necess\u00e1ria, a Embraer anunciou nesta quinta-feira (3) que vai fazer mais 900 cortes. Parte dos pedidos no PDV ser\u00e3o efetivados nesta sexta (4).<\/p>\n<p>A fabricante alega impacto provocado pela pandemia de coronav\u00edrus e o cancelamento da parceria com a Boeing, al\u00e9m da falta de expectativa de recupera\u00e7\u00e3o do setor de transporte a\u00e9reo no curto e m\u00e9dio prazo.<\/p>\n<p>Segundo a empresa, os cortes foram feitos com o &#8220;objetivo de assegurar a sustentabilidade da empresa e sua capacidade de engenharia&#8221;.<\/p>\n<p>O Sindicato dos Metal\u00fargicos de S\u00e3o Jos\u00e9 dos Campos afirma que foi pego de surpresa com as demiss\u00f5es. O sindicato afirmou ainda que vai fazer mobiliza\u00e7\u00f5es nesta quinta para tentar reverter as demiss\u00f5es.<\/p>\n<p><strong>Preju\u00edzo bilion\u00e1rio<\/strong><\/p>\n<p>A Embraer registrou preju\u00edzo de R$ 2,95 bilh\u00f5es nos primeiros seis meses de 2020. Somente no segundo trimestre, o preju\u00edzo l\u00edquido foi de R$ 1,68 bilh\u00e3o, pior resultado para um trimestre em 20 anos.<\/p>\n<p>Segundo a Embraer, nos seis primeiros meses de 2020, foram entregues somente quatro aeronaves comerciais e 13 executivas, consequ\u00eancia da pandemia de coronav\u00edrus. No primeiro semestre, o preju\u00edzo l\u00edquido acumulado da empresa brasileira foi de R$ 2,95 bilh\u00f5es, enquanto no primeiro semestre de 2019 a empresa apresentou preju\u00edzo de R$ 134 milh\u00f5es.<\/p>\n<p>A empresa afirma que n\u00e3o teve nenhum cancelamento na carteira comercial, apenas mudan\u00e7as no prazo de entregas.<\/p>\n<p><strong>Fracasso com Boeing<\/strong><\/p>\n<p>No final abril, a Boeing anunciou a rescis\u00e3o do acordo que daria \u00e0 gigante norte-americana o controle sobre a divis\u00e3o de avia\u00e7\u00e3o comercial da Embraer, em meio \u00e0s crises no setor de avia\u00e7\u00e3o e na economia global, deixando a Embraer sem um plano B claro.<\/p>\n<p>A Embraer informou no balan\u00e7o que os custos de separa\u00e7\u00e3o dos neg\u00f3cios relacionados com a parceria estrat\u00e9gica com a Boeing, agora encerrada, reconhecidos em janeiro, foram de R$ 96,8 milh\u00f5es. Na tentativa de diminuir os impactos na companhia, a Embraer assinou contrato em julho com cinco bancos p\u00fablicos e privados para contrair US$ 300 milh\u00f5es em empr\u00e9stimos para financiar o capital de giro para exporta\u00e7\u00f5es.<\/p>\n<p>Fonte: G1 Vale do Para\u00edba e Regi\u00e3o \/ Foto: divulga\u00e7\u00e3o Embraer<\/p>\n","protected":false},"excerpt":{"rendered":"<p>Empresa ter\u00e1 1,6 mil desligamentos em Plano de Demiss\u00f5es Volunt\u00e1rias e mais 900 cortes por dispensa para ajuste no quadro de funcion\u00e1rios A Embraer anunciou&#8230;<\/p>\n","protected":false},"author":1182,"featured_media":31416,"comment_status":"closed","ping_status":"closed","sticky":false,"template":"","format":"standard","meta":{"footnotes":""},"categories":[6],"tags":[1086,61,1502,1085,3600,217,3293,374],"class_list":["post-31415","post","type-post","status-publish","format-standard","has-post-thumbnail","hentry","category-noticias","tag-acordo","tag-brasil","tag-demissao","tag-embraer","tag-fabricas","tag-funcionarios","tag-pdv","tag-sindicato"],"_links":{"self":[{"href":"https:\/\/www.sincomam.org.br\/index.php\/wp-json\/wp\/v2\/posts\/31415","targetHints":{"allow":["GET"]}}],"collection":[{"href":"https:\/\/www.sincomam.org.br\/index.php\/wp-json\/wp\/v2\/posts"}],"about":[{"href":"https:\/\/www.sincomam.org.br\/index.php\/wp-json\/wp\/v2\/types\/post"}],"author":[{"embeddable":true,"href":"https:\/\/www.sincomam.org.br\/index.php\/wp-json\/wp\/v2\/users\/1182"}],"replies":[{"embeddable":true,"href":"https:\/\/www.sincomam.org.br\/index.php\/wp-json\/wp\/v2\/comments?post=31415"}],"version-history":[{"count":1,"href":"https:\/\/www.sincomam.org.br\/index.php\/wp-json\/wp\/v2\/posts\/31415\/revisions"}],"predecessor-version":[{"id":31417,"href":"https:\/\/www.sincomam.org.br\/index.php\/wp-json\/wp\/v2\/posts\/31415\/revisions\/31417"}],"wp:featuredmedia":[{"embeddable":true,"href":"https:\/\/www.sincomam.org.br\/index.php\/wp-json\/wp\/v2\/media\/31416"}],"wp:attachment":[{"href":"https:\/\/www.sincomam.org.br\/index.php\/wp-json\/wp\/v2\/media?parent=31415"}],"wp:term":[{"taxonomy":"category","embeddable":true,"href":"https:\/\/www.sincomam.org.br\/index.php\/wp-json\/wp\/v2\/categories?post=31415"},{"taxonomy":"post_tag","embeddable":true,"href":"https:\/\/www.sincomam.org.br\/index.php\/wp-json\/wp\/v2\/tags?post=31415"}],"curies":[{"name":"wp","href":"https:\/\/api.w.org\/{rel}","templated":true}]}}